{"id":1273,"date":"2025-12-06T20:46:47","date_gmt":"2025-12-06T19:46:47","guid":{"rendered":"https:\/\/radio3des.fr\/?p=1273"},"modified":"2025-12-14T11:19:45","modified_gmt":"2025-12-14T10:19:45","slug":"semaine-50-decembre-2025","status":"publish","type":"post","link":"https:\/\/radio3des.fr\/?p=1273","title":{"rendered":"semaine &#8211; 50 &#8211; DECEMBRE 2025"},"content":{"rendered":"\n<p class=\"has-text-align-center\"><strong>RADIO ASSOCIATIVE LOCALE DEPARTEMENT AISNE \u2013 ARDENNE -MARNE-HAUT DE FRANCE -50- 2025 radio3des: 90.9 FM<\/strong><\/p>\n\n\n\n<h3 class=\"wp-block-heading\"><p><script>\t\tjQuery(function() {setTimeout(function(){\t\t\tjQuery(\"#lbg_audio4_html5_shoutcast_2\").audio4_html5({\t\t\t\tskin:\"whiteControllers\",\t\t\t\tplayerWidth:500,\t\t\t\tresponsive:true,\t\t\t\tinitialVolume:0.5,\t\t\t\tautoPlay:true,\t\t\t\tvolumeOffColor:\"#454545\",\t\t\t\tvolumeOnColor:\"#FFFFFF\",\t\t\t\tsongTitleColor:\"#000000\",\t\t\t\tradioStationColor:\"#000000\",\t\t\t\tframeBehindPlayerColor:\"#000000\",\t\t\t\timageBorderWidth:4,\t\t\t\timageBorderColor:\"#000000\",\t\t\t\tshowVolume:true,\t\t\t\tshowRadioStation:true,\t\t\t\tshowTitle:true,\t\t\t\tshowNextPrevBut:true,\t\t\t\tautoHidePlayButton:true,\t\t\t\tshowFacebookBut:true,\t\t\t\tfacebookAppID:\"\",\t\t\t\tfacebookShareTitle:\"HTML5 Radio Player With Playlist - Shoutcast and Icecast\",\t\t\t\tfacebookShareDescription:\"A top-notch responsive HTML5 Radio Player compatible with all major browsers and mobile devices.\",\t\t\t\tshowTwitterBut:true,\t\t\t\tbeneathTitleBackgroundColor_VisiblePlaylist:\"#c55151\",\t\t\t\tbeneathTitleBackgroundOpacity_VisiblePlaylist:100,\t\t\t\tbeneathTitleBackgroundColor_HiddenPlaylist:\"#c55151\",\t\t\t\tbeneathTitleBackgroundOpacity_HiddenPlaylist:100,\t\t\t\tbeneathTitleBackgroundBorderColor:\"#000000\",\t\t\t\tbeneathTitleBackgroundBorderWidth:3,\t\t\t\ttranslateRadioStation:\"Radio Station: \",\t\t\t\ttranslateSongTitle:\"Now Playing: \",\t\t\t\ttranslateReadingData:\"reading data...\",\t\t\t\ttranslateAllRadioStations:\"ALL RADIO STATIONS\",\t\t\t\tshowPlaylistBut:true,\t\t\t\tshowPlaylist:true,\t\t\t\tshowPlaylistOnInit:true,\t\t\t\tplaylistTopPos:6,\t\t\t\tplaylistBgColor:\"#c55151\",\t\t\t\tplaylistRecordBgOffColor:\"#000000\",\t\t\t\tplaylistRecordBgOnColor:\"#000000\",\t\t\t\tplaylistRecordBottomBorderOffColor:\"#333333\",\t\t\t\tplaylistRecordBottomBorderOnColor:\"#4d4d4d\",\t\t\t\tplaylistRecordTextOffColor:\"#777777\",\t\t\t\tplaylistRecordTextOnColor:\"#00b4f9\",\t\t\t\tcategoryRecordBgOffColor:\"#000000\",\t\t\t\tcategoryRecordBgOnColor:\"#252525\",\t\t\t\tcategoryRecordBottomBorderOffColor:\"#2f2f2f\",\t\t\t\tcategoryRecordBottomBorderOnColor:\"#2f2f2f\",\t\t\t\tcategoryRecordTextOffColor:\"#777777\",\t\t\t\tcategoryRecordTextOnColor:\"#00b4f9\",\t\t\t\tnumberOfThumbsPerScreen:7,\t\t\t\tplaylistPadding:18,\t\t\t\tfirstCateg:\"ALL RADIO STATIONS\",\t\t\t\tshowCategories:true,\t\t\t\tselectedCategBg:\"#000000\",\t\t\t\tselectedCategOffColor:\"#FFFFFF\",\t\t\t\tselectedCategOnColor:\"#00b4f9\",\t\t\t\tselectedCategMarginBottom:12,\t\t\t\tshowSearchArea:true,\t\t\t\tsearchAreaBg:\"#000000\",\t\t\t\tsearchInputText:\"search...\",\t\t\t\tsearchInputBg:\"#ffffff\",\t\t\t\tsearchInputBorderColor:\"#333333\",\t\t\t    searchInputTextColor:\"#333333\",\t\t\t\tshowPlaylistNumber:true,\t\t\t\tpathToAjaxFiles:\"https:\/\/radio3des.fr\/wp-content\/plugins\/lbg-audio4-html5-shoutcast\/audio4_html5\/\",\t\t\t\tnowPlayingInterval:35,\t\t\t\tgrabLastFmPhoto:true,\t\t\t\tgrabStreamnameAndGenre:true,\t\t\t\tnoImageAvailable:\"http:\/\/radio3des.fr\/wp-content\/uploads\/2025\/02\/90237457_2384677628299772_8005006212888264704_o-269x2691-1.jpg\"\t\t\t});\t\t}, 1000);\t\t});\t<\/script>    <div class=\"audio4_html5\">            <div id=\"lbg_audio4_html5_shoutcast_2\">                  <div class=\"xaudioplaylist\"><ul>                \t<li class=\"xradiostream\">https:\/\/vps4.wanastream.com:63100\/<\/li>        <\/ul><\/div>            <\/div>     <\/div>\t<br style=\"clear:both;\"><\/p><\/h3>\n\n\n\n<h3 class=\"wp-block-heading\"><em><strong>radio3des: 90.9 FM<\/strong><\/em><\/h3>\n\n\n\n<h3 class=\"wp-block-heading\"><em><strong>site: <a href=\"http:\/\/www.radio3des.com\">www.radio3des.com<\/a><\/strong><\/em><\/h3>\n\n\n\n<h3 class=\"wp-block-heading\"><em><strong>site: <a href=\"http:\/\/www.radio3des.fr\">www.radio3des.fr<\/a><\/strong><\/em><\/h3>\n\n\n\n<h1 class=\"wp-block-heading\">XXXXXX<\/h1>\n\n\n\n<figure class=\"wp-block-image\"><img decoding=\"async\" src=\"https:\/\/www.radio3des.com\/wp-content\/uploads\/2025\/10\/anniv-radio-3des-1-709x709.png\" alt=\"\" class=\"wp-image-12608\"\/><\/figure>\n\n\n\n<h3 class=\"wp-block-heading\"><em><strong>site: <a href=\"http:\/\/www.radio3des.fr\">www.radio3des.fr<\/a><\/strong><\/em><\/h3>\n\n\n\n<h3 class=\"wp-block-heading\"><em><strong>site: <a href=\"http:\/\/www.radio3des.com\">www.radio3des.com<\/a><\/strong><\/em><\/h3>\n\n\n\n<h1 class=\"wp-block-heading\"><strong>XXXXXXXXX<\/strong><\/h1>\n\n\n\n<figure class=\"wp-block-image size-full is-resized\"><img loading=\"lazy\" decoding=\"async\" width=\"500\" height=\"707\" src=\"http:\/\/radio3des.fr\/wp-content\/uploads\/2025\/11\/affiche-marche-de-Noel-2025-salle-multi-activite-fi36543994x470.jpeg\" alt=\"\" class=\"wp-image-1276\" style=\"aspect-ratio:0.7072292085663138;width:610px;height:auto\" srcset=\"https:\/\/radio3des.fr\/wp-content\/uploads\/2025\/11\/affiche-marche-de-Noel-2025-salle-multi-activite-fi36543994x470.jpeg 500w, https:\/\/radio3des.fr\/wp-content\/uploads\/2025\/11\/affiche-marche-de-Noel-2025-salle-multi-activite-fi36543994x470-212x300.jpeg 212w\" sizes=\"auto, (max-width: 500px) 100vw, 500px\" \/><\/figure>\n\n\n\n<figure class=\"wp-block-image is-resized\"><img decoding=\"async\" src=\"https:\/\/www.radio3des.com\/wp-content\/uploads\/2025\/11\/fete-de-noel-2025-522x732.png\" alt=\"\" class=\"wp-image-12655\" style=\"aspect-ratio:0.7131086302217858;width:610px;height:auto\"\/><\/figure>\n\n\n\n<figure class=\"wp-block-audio\"><audio controls src=\"https:\/\/www.radio3des.com\/wp-content\/uploads\/2025\/12\/Proviseux-et-Plesnoy-message-de-Noel-2025-13-decembre.mp3\"><\/audio><\/figure>\n\n\n\n<h5 class=\"wp-block-heading\">Proviseux et Plesnoy.<\/h5>\n\n\n\n<h5 class=\"wp-block-heading\">F\u00eates de No\u00ebl.<\/h5>\n\n\n\n<h5 class=\"wp-block-heading\">Le samedi 13 d\u00e9cembre 2025.<\/h5>\n\n\n\n<h5 class=\"wp-block-heading\">\u00c0 13h45.<\/h5>\n\n\n\n<h5 class=\"wp-block-heading\">Salle communale de Proviseux et Plesnoy.<\/h5>\n\n\n\n<h5 class=\"wp-block-heading\">Spectacle \u2013 le cirque.<\/h5>\n\n\n\n<h5 class=\"wp-block-heading\">Go\u00fbter.<\/h5>\n\n\n\n<h5 class=\"wp-block-heading\">Venue du P\u00e8re No\u00ebl.<\/h5>\n\n\n\n<h5 class=\"wp-block-heading\">Seuls les enfants pr\u00e9sents ayant au moins de 11 ans recevront un cadeau du P\u00e8re No\u00ebl.<\/h5>\n\n\n\n<h5 class=\"wp-block-heading\">Coupon-r\u00e9ponse remettant mairie.<\/h5>\n\n\n\n<h5 class=\"wp-block-heading\"><em><u><strong>Notez bien :<\/strong><\/u><\/em><\/h5>\n\n\n\n<h5 class=\"wp-block-heading\"><em><u><strong>f\u00eates de No\u00ebl. Le samedi 13 d\u00e9cembre 2025 \u00e0 13h45.<\/strong><\/u><\/em><\/h5>\n\n\n\n<h5 class=\"wp-block-heading\"><em><u><strong>Spectacles, go\u00fbter et venue du P\u00e8re No\u00ebl<\/strong><\/u><\/em><\/h5>\n\n\n\n<h5 class=\"wp-block-heading\"><em><u><strong>bienvenue \u00e0 toutes et \u00e0 tous<\/strong><\/u><\/em><\/h5>\n\n\n\n<h1 class=\"wp-block-heading\"><strong>XXXXXXXXX<\/strong><\/h1>\n\n\n\n<figure class=\"wp-block-image is-resized\"><img decoding=\"async\" src=\"https:\/\/www.radio3des.com\/wp-content\/uploads\/2025\/12\/NOEL-DES-ENFANTS-\u2013-DE-VILLENEUVE-SUR-AISNE.10.12.2025-532x732.jpg\" alt=\"\" class=\"wp-image-12709\" style=\"aspect-ratio:0.7267701240207484;width:610px;height:auto\"\/><\/figure>\n\n\n\n<figure class=\"wp-block-audio\"><audio controls src=\"https:\/\/www.radio3des.com\/wp-content\/uploads\/2025\/12\/001.-NDE-Villeneuve-sur-Aisne-\u2013-Noel-des-enfants-\u2013-10.-12.-2025.mp3\"><\/audio><\/figure>\n\n\n\n<h1 class=\"wp-block-heading\">&nbsp;<\/h1>\n\n\n\n<h1 class=\"wp-block-heading\">&nbsp;<\/h1>\n\n\n\n<h1 class=\"wp-block-heading\"><img loading=\"lazy\" decoding=\"async\" src=\"https:\/\/www.radio3des.com\/wp-content\/uploads\/2025\/12\/MARCHE-DE-NOEL-DE-VILLENEUVE-SUR-AISNE.10.12.2025-1-532x732.jpg\" alt=\"\" width=\"688\" height=\"947\"><\/h1>\n\n\n\n<figure class=\"wp-block-audio\"><audio controls src=\"https:\/\/www.radio3des.com\/wp-content\/uploads\/2025\/12\/MARCHE-DE-NOEL-\u2013-VILLENEUVE-SUR-AISNE-\u2013-LE-DIMANCHE-\u2013-14.-12.-2025.mp3\"><\/audio><\/figure>\n\n\n\n<h1 class=\"wp-block-heading\">XXXXXXXXXXXX<\/h1>\n\n\n\n<h3 class=\"wp-block-heading\"><img loading=\"lazy\" decoding=\"async\" src=\"https:\/\/www.radio3des.com\/wp-content\/uploads\/2025\/11\/PROUVAIS-\u2013-13.12.25-\u2013-COMEDIE-AISNE-\u2013-THEATRE-\u2013-LA-MYSTERIEUSE--503x732.jpg\" alt=\"\" width=\"687\" height=\"1000\"><\/h3>\n\n\n\n<figure class=\"wp-block-audio\"><audio controls src=\"http:\/\/radio3des.fr\/wp-content\/uploads\/2025\/10\/003.diff-PROUVAIS-THEATRES-\u2013-COMEDIE-AISNE-\u2013-SAMEDI-13-DECEMBRE-A-20H30.mp3\"><\/audio><\/figure>\n\n\n\n<figure class=\"wp-block-table\"><table class=\"has-fixed-layout\"><tbody><tr><td class=\"has-text-align-center\" data-align=\"center\"><strong>le 13 d\u00e9cembre 2025&nbsp; La c\u00e9l\u00e8bre \u00ab\u00a0f\u00eate des voisins\u00a0\u00bb tant attendue !<\/strong><strong>Mais pourquoi ce banc install\u00e9 au beau milieu de leur jardin intrigue t-il les voisins&nbsp;?<\/strong><strong>Quel myst\u00e8re cache-t-il&nbsp;?<\/strong><strong>Quel est donc le secret de William et B\u00e9atrice&nbsp;?<\/strong><strong>Entre les mensonges, les hypocrisies, les situations loufoques et grin\u00e7antes, la soir\u00e9e qui s&rsquo;annon\u00e7ait festive risque fort de virer au fiasco ! Et avec les voisins hauts en couleur, mieux vaut s&rsquo;attendre \u00e0 tout sauf \u00e0 la tranquillit\u00e9 !<\/strong>XXXXXXXX<\/td><\/tr><\/tbody><\/table><\/figure>\n\n\n\n<figure class=\"wp-block-image is-resized\"><img decoding=\"async\" src=\"https:\/\/www.radio3des.com\/wp-content\/uploads\/2025\/12\/20251214-Concert-Noel-orgue-Musarelle-Web-518x732.jpg\" alt=\"\" class=\"wp-image-12723\" style=\"aspect-ratio:0.7076591384536567;width:610px;height:auto\"\/><\/figure>\n\n\n\n<figure class=\"wp-block-audio\"><audio controls src=\"https:\/\/www.radio3des.com\/wp-content\/uploads\/2025\/12\/0a6.diff_.Orgue-de-Guignicourt-concert-de-Noel-le-dimanche-14-decembre-2025-a-15-heures.mp3\"><\/audio><\/figure>\n\n\n\n<p><strong>CONCERT DE NO\u00cbL<\/strong><\/p>\n\n\n\n<p><strong>Le dimanche 14 d\u00e9cembre 2025.<\/strong><\/p>\n\n\n\n<p><strong>\u00c0 15 heures en l&rsquo;\u00e9glise Saint-Pierre de Guignicourt 02.<\/strong><\/p>\n\n\n\n<p><strong>Concert avec l&rsquo;ensemble vocal<\/strong><\/p>\n\n\n\n<p><strong>LA MUSARELLE<\/strong>.<\/p>\n\n\n\n<p>De Soissons 02.<\/p>\n\n\n\n<p>Autour du.<\/p>\n\n\n\n<p><strong>MAGNIFICAT DE VIVALDI.<\/strong><\/p>\n\n\n\n<p>\u0152uvres diverses de.<\/p>\n\n\n\n<p><strong>BALBASTRE \u2013 SCHUBERT \u2013 FAUR\u00c9.<\/strong><\/p>\n\n\n\n<p>Orgue et direction.<\/p>\n\n\n\n<p><strong>CHRISTOPH RONDEAU<\/strong>.<\/p>\n\n\n\n<p>Piano.<\/p>\n\n\n\n<p><strong>NATHALIE GODAIN.<\/strong><\/p>\n\n\n\n<p>\u00c9glise chauff\u00e9e \u2013 entr\u00e9e grratuite.<\/p>\n\n\n\n<p>Libre participation.<\/p>\n\n\n\n<p>Information sur orgue \u2013 Guignicourt.fr.<\/p>\n\n\n\n<p>Ouverture des portes \u00e0 14h30.<\/p>\n\n\n\n<p><strong>NOTEZ BIEN :<\/strong><\/p>\n\n\n\n<p><strong>CONCERT DE NO\u00cbL<\/strong><\/p>\n\n\n\n<p>Le dimanche 14 d\u00e9cembre 2025.<\/p>\n\n\n\n<p>\u00c0 15 heures en l&rsquo;\u00e9glise Saint-Pierre de Guignicourt 02.<\/p>\n\n\n\n<p>Concert avec l&rsquo;ensemble vocal<\/p>\n\n\n\n<p><strong>LA MUSARELLE<\/strong>.<\/p>\n\n\n\n<p>Bonne apr\u00e8s-midi et<\/p>\n\n\n\n<p>Bienvenue \u00e0 toutes et \u00e0 tous.<\/p>\n\n\n\n<figure class=\"wp-block-table\"><table class=\"has-fixed-layout\"><thead><tr><th><strong>Ordre<\/strong><\/th><th><strong>Oeuvre<\/strong><\/th><th><strong>Nota<\/strong><\/th><th><strong>Compositeur<\/strong><\/th><\/tr><\/thead><tbody><tr><td><em><strong>1<\/strong><\/em><\/td><td><em><strong>Feste Proven\u00e7ale<\/strong><\/em><\/td><td><em><strong>Orgue<\/strong><\/em><\/td><td><em><strong>MARPURG Friedrich Wilhelm (1718-1795)<\/strong><\/em><\/td><\/tr><tr><td><em><strong>2<\/strong><\/em><\/td><td><em><strong>An die Musik<\/strong><\/em><\/td><td><em><strong>Ch\u0153ur<\/strong><\/em><\/td><td><em><strong>SCHUBERT Franz (1797-1828)<\/strong><\/em><\/td><\/tr><tr><td><em><strong>3<\/strong><\/em><\/td><td><em><strong>Cantique de Jean Racine<\/strong><\/em><\/td><td><em><strong>Ch\u0153ur<\/strong><\/em><\/td><td><em><strong>FAUR\u00c9 Gabriel (1845-1924)<\/strong><\/em><\/td><\/tr><tr><td><em><strong>4<\/strong><\/em><\/td><td><em><strong>Ave Maria (dit de Caccini)<\/strong><\/em><\/td><td><em><strong>Ch\u0153ur<\/strong><\/em><\/td><td><em><strong>VAVILOV Vladimir (1925-1973)<\/strong><\/em><\/td><\/tr><tr><td><em><strong>5<\/strong><\/em><\/td><td><em><strong>Magnificat primi toni BuxWV 204<\/strong><\/em><\/td><td><em><strong>Orgue<\/strong><\/em><\/td><td><em><strong>BUXTEHUDE Dietrich (1637-1707)<\/strong><\/em><\/td><\/tr><tr><td><em><strong>6<\/strong><\/em><\/td><td><em><strong>Passacaille<\/strong><\/em><\/td><td><em><strong>Orgue<\/strong><\/em><\/td><td><em><strong>ROSSI Luigi (1597-1653)<\/strong><\/em><\/td><\/tr><tr><td><em><strong>7<\/strong><\/em><\/td><td><em><strong>Fugue sur le Magnificat Prime Toni<\/strong><\/em><\/td><td><em><strong>Orgue<\/strong><\/em><\/td><td><em><strong>PACHELBEL Johann (1653-1706)<\/strong><\/em><\/td><\/tr><tr><td><em><strong>8<\/strong><\/em><\/td><td><em><strong>Magnificat RV 610<\/strong><\/em><\/td><td><em><strong>Ch\u0153ur<\/strong><\/em><\/td><td><em><strong>VIVALDI Antonio (1678-1741)<\/strong><\/em><\/td><\/tr><tr><td><em><strong>9<\/strong><\/em><\/td><td><em><strong>Joseph est bien mari\u00e9<\/strong><\/em><\/td><td><em><strong>Orgue<\/strong><\/em><\/td><td><em><strong>BALBASTRE Claude (1724-1799)<\/strong><\/em><\/td><\/tr><tr><td><em><strong>10<\/strong><\/em><\/td><td><em><strong>Or nous dites Marie<\/strong><\/em><\/td><td><em><strong>Orgue<\/strong><\/em><\/td><td><em><strong>BALBASTRE Claude (1724-1799)<\/strong><\/em><\/td><\/tr><tr><td><em><strong>11<\/strong><\/em><\/td><td><em><strong>O\u00f9 s\u2019en vont ces gais bergers<\/strong><\/em><\/td><td><em><strong>Orgue<\/strong><\/em><\/td><td><em><strong>BALBASTRE Claude (1724-1799)<\/strong><\/em><\/td><\/tr><tr><td><em><strong>12<\/strong><\/em><\/td><td><em><strong>Le No\u00ebl des petits santons<\/strong><\/em><\/td><td><em><strong>Ch\u0153ur<\/strong><\/em><\/td><td><em><strong>ACKERMANS Hippolyte (1886-1965)<\/strong><\/em><\/td><\/tr><tr><td><em><strong>13<\/strong><\/em><\/td><td><em><strong>Stille Nacht<\/strong><\/em><\/td><td><em><strong>Ch\u0153ur<\/strong><\/em><\/td><td><em><strong>GRUBER Franz Xaver (1787-1863)<\/strong><\/em><\/td><\/tr><\/tbody><\/table><\/figure>\n\n\n\n<h1 class=\"wp-block-heading\"><strong>XXXXXXXXX<\/strong><\/h1>\n\n\n\n<figure class=\"wp-block-image is-resized\"><img decoding=\"async\" src=\"https:\/\/www.radio3des.com\/wp-content\/uploads\/2025\/12\/La-soiree-AFTER-DES-CHEFS-DENTREPRISE.18.12.2025-525x732.jpg\" alt=\"\" class=\"wp-image-12729\" style=\"aspect-ratio:0.7172284244455355;width:610px;height:auto\"\/><\/figure>\n\n\n\n<h1 class=\"wp-block-heading\"><strong>XXXXXXXXX<\/strong><\/h1>\n\n\n<div class=\"wp-block-image\">\n<figure class=\"aligncenter\"><img decoding=\"async\" src=\"https:\/\/www.radio3des.com\/wp-content\/uploads\/2025\/08\/530068431_9706359512798177_7695493535423201293_n-709x399.jpg\" alt=\"\" class=\"wp-image-12400\"\/><\/figure>\n<\/div>\n\n\n<h3 class=\"wp-block-heading\"><\/h3>\n\n\n\n<h3 class=\"wp-block-heading\">La Courte \u00e9chelle et Destination Qu\u00e9bec<\/h3>\n\n\n<div class=\"wp-block-image\">\n<figure class=\"aligncenter\"><img decoding=\"async\" src=\"https:\/\/www.radio3des.com\/wp-content\/uploads\/2025\/12\/visuel-ct-ech-sem-50-25capsules-412x732.png\" alt=\"\" class=\"wp-image-12741\"\/><\/figure>\n<\/div>\n\n\n<h5 class=\"wp-block-heading\">La courte \u00e9chelle V L .<br>semaine 50-2025 Playlist :<br>Une \u00e9mission pr\u00e9par\u00e9e et pr\u00e9sent\u00e9e par Jeff Corro<br>Musique du g\u00e9n\u00e9rique originale (connexion) de Nicolas Perez<br>Caroline A Rivas &#8211; Enfin<br>The Major Resolve &#8211; I Can See<br>Accidental Martyr &#8211; Wonder of it all<br>Ana Popovic &#8211; California Chase<br>Jonathan Th\u00e9riault &#8211; The Best Out Of Me<br>Ian Couture (Feat. Les Bad Boys) &#8211; Old Orchard<br>Monette &#8211; Un gars de la vall\u00e9e<br>L\u00e9a Jarry &#8211; \u00c0 contre-sens<br>St\u00e9phane Lacas &#8211; J\u2019 m\u2019en fous<br>Alex Roy &#8211; Partout- nulle part<br>Mentana &#8211; Machine \u00e0 giguer<br>Coly &#8211; En toi<br>Dany-C &#8211; Encore un peu de moi<br>Nectar Palace &#8211; Lunettes roses<br>Marco Ema &#8211; Un, deux, trois<br>Jake Melan\u00e7on \u2013 Chacun reprend sa vie<br>Gildas Thomas &#8211; Les invisibles<\/h5>\n\n\n\n<h1 class=\"wp-block-heading\">XXXXXXXXXX<\/h1>\n\n\n\n<h1 class=\"wp-block-heading\">A 13 H 15 A 13 H 15 MN &#8211;<\/h1>\n\n\n\n<h1 class=\"wp-block-heading\">le jeudi et samedi de \u00e0 8 h \u00e0 58 et 17 h \u00e0 58<\/h1>\n\n\n\n<h1 class=\"wp-block-heading\">DU LUNDI AU VENDREDI \u2013 Et de nuit \u00e0 05 h \u00e0&nbsp; 58<\/h1>\n\n\n\n<h1 class=\"wp-block-heading\">xxxxxx<\/h1>\n\n\n<div class=\"wp-block-image\">\n<figure class=\"alignleft\"><img decoding=\"async\" src=\"https:\/\/radio3des.files.wordpress.com\/2015\/08\/mc3a9tc3a9o.png?w=300&amp;resize=780%2C165\" alt=\"Featured image\"\/><\/figure>\n<\/div>\n\n<div class=\"wp-block-image\">\n<figure class=\"aligncenter\"><img decoding=\"async\" src=\"https:\/\/i0.wp.com\/radio3des.com\/wp-content\/uploads\/2015\/09\/AN674.gif?resize=132%2C205\" alt=\"AN674\" class=\"wp-image-639\"\/><\/figure>\n<\/div>\n\n<div class=\"wp-block-image\">\n<figure class=\"aligncenter\"><img decoding=\"async\" src=\"https:\/\/www.radio3des.com\/wp-content\/uploads\/2024\/11\/ma-musique-chante-en-francais-709x707.png\" alt=\"\" class=\"wp-image-11579\"\/><\/figure>\n<\/div>\n\n\n<h1 class=\"wp-block-heading\">Ma musique chante en Fran\u00e7ais<\/h1>\n\n\n\n<h3 class=\"wp-block-heading\"><em><strong>De 08 h \u00e0 10 h le lundi matin<\/strong><\/em><\/h3>\n\n\n\n<p><strong>2h de musiques de chansons Fran\u00e7aise<\/strong><\/p>\n\n\n\n<h5 class=\"wp-block-heading\">LUNDI ET VENDREDIDE 16 H \u2013 18 H<\/h5>\n\n\n\n<h5 class=\"wp-block-heading\"><strong>MUSIQUE \u2013&nbsp;<\/strong><strong>SUR RADIO 3 DES &#8211; <\/strong><strong>CHANSON FRANCAIS<\/strong><\/h5>\n\n\n\n<h6 class=\"wp-block-heading\">RADIO 3&nbsp; DES<\/h6>\n\n\n<div class=\"wp-block-image\">\n<figure class=\"aligncenter\"><img decoding=\"async\" src=\"https:\/\/www.radio3des.com\/wp-content\/uploads\/2025\/12\/visuel-emiss-sem-50-25-412x732.png\" alt=\"\" class=\"wp-image-12745\"\/><\/figure>\n<\/div>\n\n\n<h2 class=\"wp-block-heading\">Jazz et Compagnie<\/h2>\n\n\n\n<h2 class=\"wp-block-heading\"><img loading=\"lazy\" decoding=\"async\" src=\"https:\/\/www.radio3des.com\/wp-content\/uploads\/2024\/09\/457362198_7458498094251008_1369393452342372335_n-709x709.jpg\" alt=\"\" width=\"709\" height=\"709\"><\/h2>\n\n\n\n<h1 class=\"wp-block-heading\">XXXXXX<\/h1>\n\n\n\n<h1 class=\"wp-block-heading\"><strong>Fred&rsquo;s Country w-2025<\/strong><\/h1>\n\n\n\n<h2 class=\"wp-block-heading\"><strong>Le mercredi de 23 h \u00e0 0h<\/strong><\/h2>\n\n\n\n<figure class=\"wp-block-image\"><img decoding=\"async\" src=\"https:\/\/www.radio3des.com\/wp-content\/uploads\/2025\/12\/Program-Fred5025-517x732.jpg\" alt=\"\" class=\"wp-image-12747\"\/><\/figure>\n\n\n\n<h1 class=\"wp-block-heading\"><strong>XXXXXX<\/strong><\/h1>\n\n\n\n<h1 class=\"wp-block-heading\">Ma musique chante en Fran\u00e7ais<\/h1>\n\n\n\n<h3 class=\"wp-block-heading\"><em><strong>De 08 h \u00e0 10 h le lundi matin<\/strong><\/em><\/h3>\n\n\n\n<p><strong>2h de musiques de chansons Fran\u00e7aise<\/strong><\/p>\n\n\n\n<h1 class=\"wp-block-heading\"><em><strong>XXXXXX<\/strong><\/em><\/h1>\n\n\n\n<h2 class=\"wp-block-heading\"><strong><em>Jean Claude Vasseur<\/em><\/strong><\/h2>\n\n\n\n<figure class=\"wp-block-embed\"><div class=\"wp-block-embed__wrapper\">\nhttps:\/\/www.musicfranco.net\/wp-content\/uploads\/2024\/08\/1ER-JUS-TALENTS.mp4?_=2\n<\/div><\/figure>\n\n\n\n<figure class=\"wp-block-image\"><img decoding=\"async\" src=\"https:\/\/www.radio3des.com\/wp-content\/uploads\/2025\/09\/image001-13.jpg\" alt=\"\" class=\"wp-image-12445\"\/><\/figure>\n\n\n\n<ul class=\"wp-block-list\">\n<li>\n<ul class=\"wp-block-list\">\n<li>\n<ul class=\"wp-block-list\">\n<li><img loading=\"lazy\" decoding=\"async\" width=\"546\" height=\"732\" src=\"https:\/\/www.radio3des.com\/wp-content\/uploads\/2025\/02\/VC8qsbA9RAKS2yd6FaceaQ-2025-aff-sans-logos-546x732.png\" alt=\"\"><\/li>\n<\/ul>\n<\/li>\n<\/ul>\n<\/li>\n<\/ul>\n\n\n\n<h2 class=\"wp-block-heading\"><a href=\"https:\/\/www.jazztitudes.org\/sitemap\/\">&nbsp; &nbsp; &nbsp; &nbsp; &nbsp; &nbsp; &nbsp; &nbsp; &nbsp; &nbsp; &nbsp; &nbsp; https:\/\/www.jazztitudes.org\/sitemap\/<\/a><\/h2>\n\n\n\n<h1 class=\"wp-block-heading\"><strong>++<\/strong><strong>++++<\/strong><\/h1>\n\n\n\n<h2 class=\"wp-block-heading\"><strong><a href=\"http:\/\/www.spectable.com\/\">Spectable.com<\/a><\/strong><\/h2>\n\n\n\n<h2 class=\"wp-block-heading\"><strong>++<\/strong><strong>++++<\/strong><\/h2>\n\n\n\n<h5 class=\"wp-block-heading\">www.spectable.com<\/h5>\n\n\n\n<h2 class=\"wp-block-heading\"><strong>++<\/strong><strong>++++<\/strong><\/h2>\n\n\n\n<h5 class=\"wp-block-heading\">Votre programme t\u00e9l\u00e9vision<\/h5>\n\n\n\n<h5 class=\"wp-block-heading\"><a href=\"https:\/\/television.telerama.fr\/tele\/grille\">T\u00e9l\u00e9vision.<\/a><\/h5>\n\n\n\n<h1 class=\"wp-block-heading\">++++++<\/h1>\n\n\n<div class=\"wp-block-image\">\n<figure class=\"aligncenter\"><a href=\"https:\/\/i0.wp.com\/radio3des.com\/wp-content\/uploads\/2015\/09\/les-nanars-R3D.png\"><img decoding=\"async\" src=\"https:\/\/i0.wp.com\/radio3des.com\/wp-content\/uploads\/2015\/09\/les-nanars-R3D.png?resize=1200%2C1200\" alt=\"\" class=\"wp-image-6420\"\/><\/a><\/figure>\n<\/div>\n\n\n<h5 class=\"wp-block-heading\"><strong>Reportage.<\/strong><\/h5>\n\n\n\n<h1 class=\"wp-block-heading\"><a href=\"http:\/\/www.franf.fr\/\" target=\"_blank\" rel=\"noreferrer noopener\">www.franf.fr<\/a><\/h1>\n\n\n\n<h1 class=\"wp-block-heading\"><strong>Radios Associatives de la R\u00e9gion Haut de France<\/strong><\/h1>\n\n\n\n<h1 class=\"wp-block-heading\">++++++<\/h1>\n\n\n\n<h3 class=\"wp-block-heading\">DE 9 H A 10 H VENDREDI<\/h3>\n\n\n\n<h1 class=\"wp-block-heading\">++++++<\/h1>\n\n\n\n<h5 class=\"wp-block-heading\"><em><strong>M\u00c9T\u00c9O FRANCE-M\u00c9T\u00c9O FRANCE-M\u00c9T\u00c9O FRANCE-M\u00c9T\u00c9O FRANCE<\/strong><\/em><\/h5>\n\n\n\n<h5 class=\"wp-block-heading\"><em><strong><a href=\"http:\/\/www.meteofrance.com\/previsions-meteo-france\/aisne\/02\">meteofrance.com<\/a><\/strong><\/em><\/h5>\n\n\n<div class=\"wp-block-image\">\n<figure class=\"aligncenter\"><a href=\"https:\/\/i0.wp.com\/radio3des.com\/wp-content\/uploads\/2015\/09\/Laccord%C3%A9on-en-f%C3%AAte.jpg\"><img decoding=\"async\" src=\"https:\/\/i0.wp.com\/radio3des.com\/wp-content\/uploads\/2015\/09\/Laccord%C3%A9on-en-f%C3%AAte.jpg?resize=1200%2C1200\" alt=\"\" class=\"wp-image-5369\"\/><\/a><\/figure>\n<\/div>\n\n<div class=\"wp-block-image\">\n<figure class=\"aligncenter\"><a href=\"https:\/\/i0.wp.com\/radio3des.com\/wp-content\/uploads\/2015\/09\/81456611_10212513620634862_3030632067697213440_o.jpg\"><img decoding=\"async\" src=\"https:\/\/i0.wp.com\/radio3des.com\/wp-content\/uploads\/2015\/09\/81456611_10212513620634862_3030632067697213440_o.jpg?resize=561%2C558\" alt=\"\" class=\"wp-image-6505\"\/><\/a><\/figure>\n<\/div>\n\n<div class=\"wp-block-image\">\n<figure class=\"aligncenter\"><a href=\"https:\/\/i0.wp.com\/radio3des.com\/wp-content\/uploads\/2015\/09\/81805016_10212513595194226_3303802600587001856_o.jpg\"><img decoding=\"async\" src=\"https:\/\/i0.wp.com\/radio3des.com\/wp-content\/uploads\/2015\/09\/81805016_10212513595194226_3303802600587001856_o.jpg?resize=566%2C566\" alt=\"\" class=\"wp-image-6506\"\/><\/a><\/figure>\n<\/div>\n\n\n<h1 class=\"wp-block-heading\">++++++<\/h1>\n\n\n\n<h3 class=\"wp-block-heading\"><em><strong>Le dimanche de 7 heures \u00e0 12 heures.<\/strong><\/em><\/h3>\n\n\n\n<h3 class=\"wp-block-heading\"><em><strong>Avec Jean-Fran\u00e7ois. Alain et Jean-Michel<\/strong><\/em><\/h3>\n\n\n\n<h3 class=\"wp-block-heading\"><em><strong>Dans<\/strong><\/em><\/h3>\n\n\n\n<h3 class=\"wp-block-heading\"><em><strong>L\u2019ACCORD\u00c9ON EN F\u00caTES<\/strong><\/em><\/h3>\n\n\n\n<h3 class=\"wp-block-heading\"><em><strong>Le dimanche<\/strong><\/em><\/h3>\n\n\n\n<h5 class=\"wp-block-heading\">Radio 3 Des.90.9 FM.et.www.radio3des.com<\/h5>\n\n\n\n<h5 class=\"wp-block-heading\">La nuit de 4 h \u00e0 5 h<\/h5>\n\n\n\n<h5 class=\"wp-block-heading\">&nbsp;Jean-Michel<\/h5>\n\n\n\n<h5 class=\"wp-block-heading\">Le samedi de 7 heures \u00e0 8 heures<\/h5>\n\n\n\n<h5 class=\"wp-block-heading\">&nbsp;Avec Jean-Michel<\/h5>\n\n\n\n<h1 class=\"wp-block-heading\">++++++<\/h1>\n\n\n\n<h5 class=\"wp-block-heading\">Avec Jean-Fran\u00e7ois<\/h5>\n\n\n\n<h5 class=\"wp-block-heading\">\u00e0 16 h \u00e0 17 h<\/h5>\n\n\n\n<h5 class=\"wp-block-heading\">et 03 h \u00e0 04 h<\/h5>\n\n\n\n<h5 class=\"wp-block-heading\">les ann\u00e9es.50.60.70.80.et les nanars<\/h5>\n\n\n\n<h1 class=\"wp-block-heading\">++++++<\/h1>\n\n\n\n<h3 class=\"wp-block-heading\"><strong><u>06 H \u00e0 7 h&nbsp; : Le dimanche&nbsp;<\/u><\/strong><\/h3>\n\n\n\n<h3 class=\"wp-block-heading\"><strong>R\u00e9alis\u00e9e et Pr\u00e9sent\u00e9 par Annie<\/strong><\/h3>\n\n\n\n<h3 class=\"wp-block-heading\"><strong>&nbsp;Consacr\u00e9e \u00e0 la chanson fran\u00e7aise&nbsp;<\/strong><strong>et aux talents confirm\u00e9s.<\/strong><\/h3>\n\n\n\n<h1 class=\"wp-block-heading\">++++++<\/h1>\n\n\n\n<h5 class=\"wp-block-heading\">&nbsp;\u00c0 22 heures :<\/h5>\n\n\n\n<h5 class=\"wp-block-heading\">&nbsp;MUSIQUE POUR VOUS<\/h5>\n\n\n\n<h5 class=\"wp-block-heading\">par Christiane<\/h5>\n\n\n\n<h4 class=\"wp-block-heading\"><strong><u>01.Musique pour vous :<\/u><\/strong><\/h4>\n\n\n\n<h4 class=\"wp-block-heading\"><strong>r\u00e9alis\u00e9e par Christiane<\/strong><\/h4>\n\n\n\n<h4 class=\"wp-block-heading\"><strong>Pr\u00e9sent\u00e9 \u00e0 17 H le mardi<\/strong><\/h4>\n\n\n\n<h4 class=\"wp-block-heading\">le dimanche \u00e0 13 h<\/h4>\n\n\n\n<h4 class=\"wp-block-heading\"><strong>et du lundi au dimanche<\/strong><\/h4>\n\n\n\n<h4 class=\"wp-block-heading\"><strong>\u00e0 22 h<\/strong><\/h4>\n\n\n\n<h4 class=\"wp-block-heading\"><strong><u>02.Voyage voyage :&nbsp;<\/u><\/strong><\/h4>\n\n\n\n<h4 class=\"wp-block-heading\"><strong>Pr\u00e9sent\u00e9 et<\/strong><\/h4>\n\n\n\n<h4 class=\"wp-block-heading\"><strong>r\u00e9alis\u00e9e par Christiane<\/strong><\/h4>\n\n\n\n<h4 class=\"wp-block-heading\"><strong>De 21 h \u00e0 22 h le lundi&nbsp;<\/strong><\/h4>\n\n\n<div class=\"wp-block-image\">\n<figure class=\"aligncenter\"><a href=\"https:\/\/i0.wp.com\/radio3des.com\/wp-content\/uploads\/2015\/09\/musiques-%C3%A0-th%C3%A8mes.png\"><img decoding=\"async\" src=\"https:\/\/i0.wp.com\/radio3des.com\/wp-content\/uploads\/2015\/09\/musiques-%C3%A0-th%C3%A8mes.png?resize=565%2C562\" alt=\"\" class=\"wp-image-6306\"\/><\/a><\/figure>\n<\/div>\n\n\n<h4 class=\"wp-block-heading\"><strong>Consacr\u00e9e \u00e0 la chanson fran\u00e7aise&nbsp;<\/strong><strong>et aux talents confirm\u00e9s.<\/strong><\/h4>\n\n\n\n<h4 class=\"wp-block-heading\"><strong>&nbsp;Pr\u00e9sent\u00e9 le vendredi&nbsp;\u00e0 20 h par Annie.<\/strong><\/h4>\n\n\n<div class=\"wp-block-image\">\n<figure class=\"aligncenter\"><img decoding=\"async\" src=\"https:\/\/i0.wp.com\/www.radio3des.com\/wp-content\/uploads\/2015\/09\/AN1253.gif?resize=65%2C108&amp;ssl=1\" alt=\"\" class=\"wp-image-649\"\/><\/figure>\n<\/div>\n\n<div class=\"wp-block-image\">\n<figure class=\"aligncenter\"><img decoding=\"async\" src=\"https:\/\/i0.wp.com\/radio3des.com\/wp-content\/uploads\/2015\/09\/musiques-%C3%A0-th%C3%A8mes2.png?resize=550%2C547\" alt=\"\" class=\"wp-image-6414\"\/><\/figure>\n<\/div>\n\n\n<h5 class=\"wp-block-heading\"><strong>18 H :&nbsp;<u>\u00e9mission de 1 h&nbsp; :<\/u><\/strong><\/h5>\n\n\n\n<h5 class=\"wp-block-heading\"><strong>consacr\u00e9 aux nouveaux talents et nouvelles productions de la chanson fran\u00e7aise.<\/strong><\/h5>\n\n\n\n<h5 class=\"wp-block-heading\"><strong>Pr\u00e9sent\u00e9 du dimanche au vendredi&nbsp; par Annie<\/strong><\/h5>\n\n\n\n<h4 class=\"wp-block-heading\"><strong>14 h le mercredi. Le&nbsp;lundi au dimanche \u00e0 18 h1 h<\/strong><\/h4>\n\n\n\n<h4 class=\"wp-block-heading\"><strong>la nuit.consacr\u00e9 aux nouveauxtalents et nouvelles productions<\/strong><\/h4>\n\n\n\n<h1 class=\"wp-block-heading\"><strong>++++++<\/strong><\/h1>\n\n\n<div class=\"wp-block-image\">\n<figure class=\"aligncenter\"><img decoding=\"async\" src=\"https:\/\/i0.wp.com\/www.radio3des.com\/wp-content\/uploads\/2015\/09\/AN1217.gif?resize=74%2C159&amp;ssl=1\" alt=\"\" class=\"wp-image-646\"\/><\/figure>\n<\/div>\n\n<div class=\"wp-block-image\">\n<figure class=\"aligncenter\"><img decoding=\"async\" src=\"https:\/\/i0.wp.com\/radio3des.com\/wp-content\/uploads\/2015\/09\/AN1079.gif?resize=72%2C97\" alt=\"AN1079\" class=\"wp-image-638\"\/><\/figure>\n<\/div>\n\n\n<h5 class=\"wp-block-heading\"><strong>&nbsp;Nous diffusons les messages pour les associations, les Comit\u00e9s des F\u00eates, les Mairies de notre r\u00e9gion qui nous en font la demande, dans le cadre de leur activit\u00e9 associative ou d\u2019int\u00e9r\u00eat g\u00e9n\u00e9ral.Ne comportant pas de publicit\u00e9 de marque.Radio 3 des est une radio associative.<\/strong><strong>Et vu sa sp\u00e9cificit\u00e9 doit \u00eatre g\u00e9r\u00e9 comme une entreprise.<\/strong><strong>Elle a un co\u00fbt de fonctionnement permanent.<\/strong><strong>Cette ann\u00e9e, nous avons am\u00e9lior\u00e9 notre mat\u00e9riel de diffusion.<\/strong><strong>Qui va permettre aux auditeurs un meilleur confort d\u2019\u00e9coute.<\/strong><strong>Un coup de diffusion en progression constante, nous oblige afin de p\u00e9renniser notre action radiophonique a demand\u00e9 une petite participation financi\u00e8re aux annonceurs.<\/strong><strong>Les associations les comit\u00e9s des f\u00eates et les mairies de notre r\u00e9gion.Prix par message unitaire&nbsp;<\/strong><strong>35 \u20ac pour 10 jours avec six diffusions par jour soit 60 messages.&nbsp;les messages sont r\u00e9alis\u00e9s au studio par les animateurs de la radio.Pour les entreprises.&nbsp;De notre zone d\u2019\u00e9mission.<\/strong><strong>Nous pourrons r\u00e9aliser des messages dans la limite de notre autorisation&nbsp;(20 % du chiffre d\u2019affaires de notre radio associative).<\/strong><strong>Pour 10 jours avec six diffusions par jour soit 60 messages.<\/strong><strong>Tarif n\u00e9goci\u00e9 avec l\u2019entreprise.<\/strong><strong>Les messages seront r\u00e9alis\u00e9s au studio par les animateurs.<\/strong><strong>Ou par une r\u00e9gie de publicit\u00e9, ce qui augmente le co\u00fbt de r\u00e9alisation du message.Nous allons mettre en ligne une fiche de diffusion.<\/strong><strong>Que vous ne ferez parvenir huit jours avant la diffusion du message afin de r\u00e9aliser ce message bien&nbsp;s\u00fbr il&nbsp;sera accompagn\u00e9 de votre r\u00e8glement.<\/strong><strong>\u00c0 faire parvenir au studio de Radio 3 des.<\/strong><strong>Adresse ci-dessous<\/strong><strong>Radio 3 des<\/strong><strong>14, Rue de Prouvais<\/strong><strong>02190.&nbsp;Proviseux&nbsp;et&nbsp;PlesnoyVous pouvez aussi faire un don \u00e0 la radio.<\/strong><strong>Nous vous ferons parvenir.<\/strong><strong>Un re\u00e7u pour les imp\u00f4ts \u00e0&nbsp;faire parvenir au studio de Radio 3 des.<\/strong><strong>Adresse ci-dessous<\/strong><strong>Radio 3 des<\/strong><strong>14, Rue de Prouvais<\/strong><strong>02190.&nbsp;Proviseux&nbsp;et&nbsp;Plesnoy<\/strong><\/h5>\n\n\n\n<h1 class=\"wp-block-heading\">++++++<\/h1>\n\n\n\n<h4 class=\"wp-block-heading\"><strong>Nous r\u00e9alisons toutes les \u00e9missions b\u00e9n\u00e9volement :<\/strong><\/h4>\n\n\n\n<h4 class=\"wp-block-heading\"><strong>Le but de notre radio associative et d\u2019aider les autres.<\/strong><\/h4>\n\n\n\n<h4 class=\"wp-block-heading\"><strong>Surtout rester proche de tous les habitants qu\u2019ils soient jeunes ou plus \u00e2g\u00e9s.<\/strong><\/h4>\n\n\n\n<h4 class=\"wp-block-heading\"><strong>Tous les courriers devront \u00eatre adress\u00e9<\/strong><\/h4>\n\n\n\n<h4 class=\"wp-block-heading\"><strong>&nbsp;au pr\u00e9sident de<\/strong><\/h4>\n\n\n\n<h4 class=\"wp-block-heading\"><strong>RADIO 3 DES<\/strong><\/h4>\n\n\n\n<h4 class=\"wp-block-heading\"><strong>14 rues de Prouvais<\/strong><\/h4>\n\n\n\n<h4 class=\"wp-block-heading\"><strong>02190 Proviseux et Plesnoy<\/strong><\/h4>\n\n\n\n<h4 class=\"wp-block-heading\"><strong>Le pr\u00e9sident de Radio 3 des<\/strong><\/h4>\n\n\n\n<h4 class=\"wp-block-heading\"><strong>T\u00e9l 03.23.79.74.97<\/strong><\/h4>\n\n\n\n<h4 class=\"wp-block-heading\"><strong>Plateaux Jean-Michel<\/strong><\/h4>\n\n\n<div class=\"wp-block-image\">\n<figure class=\"aligncenter\"><img decoding=\"async\" src=\"https:\/\/i0.wp.com\/radio3des.com\/wp-content\/uploads\/2015\/09\/AN674.gif?resize=81%2C126\" alt=\"AN674\"\/><\/figure>\n<\/div>\n\n\n<h2 class=\"wp-block-heading\"><img loading=\"lazy\" decoding=\"async\" class=\"\" src=\"https:\/\/i0.wp.com\/radio3des.com\/wp-content\/uploads\/RADIO-3-DES-CITE-ACTUELmodiier-02.png?resize=1516%2C784\" width=\"1516\" height=\"784\"><\/h2>\n\n\n\n<p><em><strong>Radio 3 des 90.9 FM.<\/strong><\/em><em><strong>Web :<\/strong><\/em><\/p>\n\n\n\n<p><em><strong><a href=\"http:\/\/radio3des.com\/\">radio3des.com<\/a><\/strong><\/em><\/p>\n\n\n\n<h5 class=\"wp-block-heading\"><em>Bonjour<\/em><em>&nbsp;et Bienvenue<\/em><\/h5>\n\n\n\n<h5 class=\"wp-block-heading\"><em>sur<\/em><\/h5>\n\n\n\n<h5 class=\"wp-block-heading\"><em>Radio 3 Des 90.9 FM&nbsp;<\/em><\/h5>\n\n\n\n<h5 class=\"wp-block-heading\">&nbsp;<\/h5>\n\n\n\n<h5 class=\"wp-block-heading\"><\/h5>\n\n\n<div class=\"wp-block-image\">\n<figure class=\"aligncenter\"><img decoding=\"async\" src=\"https:\/\/i0.wp.com\/www.radio3des.com\/wp-content\/uploads\/2015\/09\/AN1253.gif?resize=65%2C108&amp;ssl=1\" alt=\"\" class=\"wp-image-649\"\/><\/figure>\n<\/div>\n\n<div class=\"wp-block-image\">\n<figure class=\"aligncenter\"><img decoding=\"async\" src=\"https:\/\/i0.wp.com\/www.radio3des.com\/wp-content\/uploads\/2022\/12\/Marilyne.Ludo-et-Jules.-2023-01-01-173223.png?resize=570%2C433&amp;ssl=1\" alt=\"\" class=\"wp-image-9220\"\/><\/figure>\n<\/div>\n\n\n<p><strong>Bonjour Amis Danseurs,<\/strong><strong>Nous vous pr\u00e9sentons nos meilleurs v\u0153ux de bonheur et sant\u00e9 pour cette nouvelle ann\u00e9e 2025 remplie de joie, de musique et de danse !<\/strong><strong>A tr\u00e8s bient\u00f4t de se revoir sur la piste !&nbsp;<\/strong><strong>Amiti\u00e9s Musicales<\/strong><\/p>\n\n\n\n<p><strong>Bonjour Amis Danseurs,<\/strong><\/p>\n\n\n\n<p><strong>Nous vous invitons \u00e0 un&nbsp;repas dansant&nbsp;organis\u00e9 par l&rsquo;association des anciens combattants de Cormicy<\/strong><\/p>\n\n\n\n<p><strong>le&nbsp;<u>MARDI 11 NOVEMBRE 2025&nbsp;<\/u>&nbsp;(affiche et inscription ci-joint)<\/strong><\/p>\n\n\n\n<p><strong>salle omnisports de&nbsp;<u>CORMICY<\/u><\/strong><\/p>\n\n\n\n<p><strong>\u00e0 partir de&nbsp;12h30&nbsp;<\/strong><\/p>\n\n\n\n<p><strong><u>TARIF SANS REPAS<\/u>&nbsp;10 euros \u00e0 partir de 14h30<\/strong><\/p>\n\n\n\n<p><strong>A bient\u00f4t sur la piste !<\/strong><\/p>\n\n\n\n<p><strong>Amiti\u00e9s musicales<\/strong><\/p>\n\n\n\n<p><strong>LudoMarylineJules<\/strong><\/p>\n\n\n\n<p><strong>06.11.98.05.42<\/strong><\/p>\n\n\n<div class=\"wp-block-image\">\n<figure class=\"aligncenter\"><img decoding=\"async\" src=\"https:\/\/i0.wp.com\/www.radio3des.com\/wp-content\/uploads\/2015\/09\/AN1218.gif?resize=68%2C123&amp;ssl=1\" alt=\"\" class=\"wp-image-647\"\/><\/figure>\n<\/div>\n\n\n<h3 class=\"wp-block-heading\">Bonjour Amis Danseurs,<\/h3>\n\n\n\n<p>Amiti\u00e9s musicales<\/p>\n\n\n\n<p><strong>Ludo Maryline et Jules<\/strong><\/p>\n\n\n\n<h1 class=\"wp-block-heading\">++++++<\/h1>\n\n\n\n<figure class=\"wp-block-image\"><img decoding=\"async\" src=\"https:\/\/www.radio3des.com\/wp-content\/uploads\/2025\/03\/AXO-CHOEUR-528x732.jpg\" alt=\"\" class=\"wp-image-11929\"\/><\/figure>\n\n\n\n<h1 class=\"wp-block-heading\">++++++<\/h1>\n\n\n\n<h1 class=\"wp-block-heading\"><img decoding=\"async\" src=\"https:\/\/i0.wp.com\/www.orgue-guignicourt.fr\/wp-content\/uploads\/DSCN0318.jpg?resize=1100%2C400&amp;ssl=1\"><\/h1>\n\n\n\n<ul class=\"wp-block-list\">\n<li>Association<\/li>\n\n\n\n<li><strong><a href=\"https:\/\/www.orgue-guignicourt.fr\/\">https:\/\/www.orgue-guignicourt.fr\/<\/a><\/strong><\/li>\n\n\n\n<li>Les Amis de l&rsquo;orgue de Guignicourt<\/li>\n\n\n\n<li><img decoding=\"async\" src=\"https:\/\/i0.wp.com\/www.orgue-guignicourt.fr\/wp-content\/uploads\/2024DepliantSaisonCouvertureWeb.jpg?resize=300%2C426&amp;ssl=1\" alt=\"Couverture du programme de la saison 2024\"><\/li>\n<\/ul>\n\n\n\n<h1 class=\"wp-block-heading\">+++++++++++++<\/h1>\n\n\n\n<h1 class=\"wp-block-heading\"><img loading=\"lazy\" decoding=\"async\" src=\"https:\/\/i0.wp.com\/www.radio3des.com\/wp-content\/uploads\/2015\/09\/AN994.gif?resize=103%2C108&amp;ssl=1\" alt=\"\" width=\"103\" height=\"108\"><\/h1>\n\n\n\n<h5 class=\"wp-block-heading\">COMEDI&rsquo;AISNE<\/h5>\n\n\n\n<figure class=\"wp-block-image\"><img decoding=\"async\" src=\"https:\/\/i0.wp.com\/www.radio3des.com\/wp-content\/uploads\/2015\/09\/AN1079.gif?resize=72%2C97&amp;ssl=1\" alt=\"\" class=\"wp-image-638\"\/><\/figure>\n\n\n\n<h1 class=\"wp-block-heading\">++++++<\/h1>\n\n\n\n<h5 class=\"wp-block-heading\"><em><strong>c.radio3des@orange.fr<\/strong><\/em><\/h5>\n\n\n\n<h5 class=\"wp-block-heading\"><em><strong>SIREN : 810 368 720 0019<\/strong><\/em><\/h5>\n\n\n\n<h5 class=\"wp-block-heading\"><em><strong>14 rues de prouvais<\/strong><\/em><\/h5>\n\n\n\n<p><em><strong>02190 Proviseux et plesnoy<\/strong><\/em><\/p>\n\n\n\n<h1 class=\"wp-block-heading\">++++++<\/h1>\n\n\n<div class=\"wp-block-image\">\n<figure class=\"aligncenter\"><img decoding=\"async\" src=\"https:\/\/www.radio3des.com\/wp-content\/uploads\/2023\/09\/image001.png\" alt=\"\" class=\"wp-image-10321\"\/><\/figure>\n<\/div>\n\n<div class=\"wp-block-image\">\n<figure class=\"aligncenter\"><img decoding=\"async\" src=\"https:\/\/www.radio3des.com\/wp-content\/uploads\/2023\/09\/FRANF.png\" alt=\"\" class=\"wp-image-10318\"\/><\/figure>\n<\/div>\n\n\n<ul class=\"wp-block-list\">\n<li><strong><u>Le syndicat des radios associatives.<\/u><\/strong> <strong>SNRL &amp; CNRA. <u>La f\u00e9d\u00e9ration des radios associatives<\/u><u> du haut de France.<\/u><\/strong><strong><a href=\"https:\/\/r.search.yahoo.com\/_ylt=AwrkMOvvwI1khw0adx0k24lQ;_ylu=Y29sbwNpcjIEcG9zAzEEdnRpZAMEc2VjA3Ny\/RV=2\/RE=1687040367\/RO=10\/RU=http%3a%2f%2fwww.franf.fr%2f\/RK=2\/RS=iAZ0rWwd2wl1rRZxbAZecgjm1Q0-\" target=\"_blank\" rel=\"noreferrer noopener\">www.<strong>franf<\/strong>.fr<\/a><\/strong><strong><u><strong>Les institutionnels<\/strong><\/u> Le conseil R\u00e9gional du Haut de France ARCOM.<a href=\"http:\/\/www.arcom.fr\/\">www.arcom.fr<\/a> Le Minist\u00e8re de la Culture la commune de Villeneuve sur Aisne Commune de Prouvais Commune de Proviseux et Plesnoy communaut\u00e9 de communes de Champagne Picarde<\/strong><ul><li>++++++<\/li><\/ul><strong>les associations qui <\/strong><strong>aide<\/strong><strong> la radio en r\u00e9alisant des conventions avec Radio 3 Des<\/strong> <strong>Et en retour RADIO 3 DES, r\u00e9alise en priorit\u00e9. Les messages d&rsquo;int\u00e9r\u00eat g\u00e9n\u00e9ral&nbsp; pour leur manifestations.<\/strong><ul><li><strong>&nbsp; &nbsp; &nbsp; &nbsp; &nbsp; &nbsp; &nbsp; &nbsp; &nbsp; &nbsp; &nbsp; &nbsp; &nbsp; &nbsp; &nbsp; &nbsp; &nbsp; &nbsp; Chorale \u2013 AXO&rsquo; CHOEUR<\/strong><br>Les Amis de l&rsquo;orgue de Guignicourt<\/li><\/ul><strong>L&rsquo;association de th\u00e9\u00e2tres Com\u00e9die&rsquo;Aisne. L&rsquo;association le MIL de Menneville Commune de Villeneuve Sur Aisne Le comit\u00e9 des f\u00eates de Prouvais. Le club de loisirs de Prouvais L&rsquo;association. De sauvegarde du patrimoine de Guyancourt. L&rsquo;association. V\u00e9lo club Mogador 51110 Lavannes \u00b0 la commune de Villeneuve sur Aisne Commune de Prouvais Association SAUVEGARDE DU PATRIMOINE COMMUNAL DE GUYENCOURT Commune de Proviseux et Plesnoy<\/strong><\/li>\n<\/ul>\n\n\n\n<h4 class=\"wp-block-heading\">ECOUTE DE RADIO 3 DES<\/h4>\n\n\n\n<h4 class=\"wp-block-heading\">Sur Internet \u2013www.radio3des.com&nbsp;<\/h4>\n\n\n\n<h4 class=\"wp-block-heading\">Et &#8211; www.radio3des.fr<\/h4>\n","protected":false},"excerpt":{"rendered":"<p>RADIO ASSOCIATIVE LOCALE DEPARTEMENT AISNE \u2013 ARDENNE -MARNE-HAUT DE FRANCE -50- 2025 radio3des: 90.9 FM radio3des: 90.9 FM site: www.radio3des.com site: www.radio3des.fr XXXXXX site: www.radio3des.fr site: www.radio3des.com XXXXXXXXX Proviseux et Plesnoy. F\u00eates de No\u00ebl. Le samedi 13 d\u00e9cembre 2025. \u00c0 13h45. Salle communale de Proviseux et Plesnoy. Spectacle \u2013 le cirque. Go\u00fbter. Venue du P\u00e8re [&hellip;]<\/p>\n","protected":false},"author":1,"featured_media":0,"comment_status":"open","ping_status":"open","sticky":false,"template":"","format":"standard","meta":{"footnotes":""},"categories":[1],"tags":[],"class_list":["post-1273","post","type-post","status-publish","format-standard","hentry","category-non-classe"],"_links":{"self":[{"href":"https:\/\/radio3des.fr\/index.php?rest_route=\/wp\/v2\/posts\/1273","targetHints":{"allow":["GET"]}}],"collection":[{"href":"https:\/\/radio3des.fr\/index.php?rest_route=\/wp\/v2\/posts"}],"about":[{"href":"https:\/\/radio3des.fr\/index.php?rest_route=\/wp\/v2\/types\/post"}],"author":[{"embeddable":true,"href":"https:\/\/radio3des.fr\/index.php?rest_route=\/wp\/v2\/users\/1"}],"replies":[{"embeddable":true,"href":"https:\/\/radio3des.fr\/index.php?rest_route=%2Fwp%2Fv2%2Fcomments&post=1273"}],"version-history":[{"count":9,"href":"https:\/\/radio3des.fr\/index.php?rest_route=\/wp\/v2\/posts\/1273\/revisions"}],"predecessor-version":[{"id":1289,"href":"https:\/\/radio3des.fr\/index.php?rest_route=\/wp\/v2\/posts\/1273\/revisions\/1289"}],"wp:attachment":[{"href":"https:\/\/radio3des.fr\/index.php?rest_route=%2Fwp%2Fv2%2Fmedia&parent=1273"}],"wp:term":[{"taxonomy":"category","embeddable":true,"href":"https:\/\/radio3des.fr\/index.php?rest_route=%2Fwp%2Fv2%2Fcategories&post=1273"},{"taxonomy":"post_tag","embeddable":true,"href":"https:\/\/radio3des.fr\/index.php?rest_route=%2Fwp%2Fv2%2Ftags&post=1273"}],"curies":[{"name":"wp","href":"https:\/\/api.w.org\/{rel}","templated":true}]}}