{"id":1240,"date":"2025-11-25T21:08:24","date_gmt":"2025-11-25T20:08:24","guid":{"rendered":"https:\/\/radio3des.fr\/?p=1240"},"modified":"2025-11-26T10:15:22","modified_gmt":"2025-11-26T09:15:22","slug":"semaine-48-2025","status":"publish","type":"post","link":"https:\/\/radio3des.fr\/?p=1240","title":{"rendered":"SEMAINE- 48 &#8211; 2025"},"content":{"rendered":"\n<p class=\"has-text-align-center\"><strong>RADIO ASSOCIATIVE LOCALE DEPARTEMENT AISNE \u2013 ARDENNE -MARNE-HAUT DE FRANCE -48- 2025 radio3des: 90.9 FM<\/strong><\/p>\n\n\n\n<h3 class=\"wp-block-heading\"><p><script>\t\tjQuery(function() {setTimeout(function(){\t\t\tjQuery(\"#lbg_audio4_html5_shoutcast_2\").audio4_html5({\t\t\t\tskin:\"whiteControllers\",\t\t\t\tplayerWidth:500,\t\t\t\tresponsive:true,\t\t\t\tinitialVolume:0.5,\t\t\t\tautoPlay:true,\t\t\t\tvolumeOffColor:\"#454545\",\t\t\t\tvolumeOnColor:\"#FFFFFF\",\t\t\t\tsongTitleColor:\"#000000\",\t\t\t\tradioStationColor:\"#000000\",\t\t\t\tframeBehindPlayerColor:\"#000000\",\t\t\t\timageBorderWidth:4,\t\t\t\timageBorderColor:\"#000000\",\t\t\t\tshowVolume:true,\t\t\t\tshowRadioStation:true,\t\t\t\tshowTitle:true,\t\t\t\tshowNextPrevBut:true,\t\t\t\tautoHidePlayButton:true,\t\t\t\tshowFacebookBut:true,\t\t\t\tfacebookAppID:\"\",\t\t\t\tfacebookShareTitle:\"HTML5 Radio Player With Playlist - Shoutcast and Icecast\",\t\t\t\tfacebookShareDescription:\"A top-notch responsive HTML5 Radio Player compatible with all major browsers and mobile devices.\",\t\t\t\tshowTwitterBut:true,\t\t\t\tbeneathTitleBackgroundColor_VisiblePlaylist:\"#c55151\",\t\t\t\tbeneathTitleBackgroundOpacity_VisiblePlaylist:100,\t\t\t\tbeneathTitleBackgroundColor_HiddenPlaylist:\"#c55151\",\t\t\t\tbeneathTitleBackgroundOpacity_HiddenPlaylist:100,\t\t\t\tbeneathTitleBackgroundBorderColor:\"#000000\",\t\t\t\tbeneathTitleBackgroundBorderWidth:3,\t\t\t\ttranslateRadioStation:\"Radio Station: \",\t\t\t\ttranslateSongTitle:\"Now Playing: \",\t\t\t\ttranslateReadingData:\"reading data...\",\t\t\t\ttranslateAllRadioStations:\"ALL RADIO STATIONS\",\t\t\t\tshowPlaylistBut:true,\t\t\t\tshowPlaylist:true,\t\t\t\tshowPlaylistOnInit:true,\t\t\t\tplaylistTopPos:6,\t\t\t\tplaylistBgColor:\"#c55151\",\t\t\t\tplaylistRecordBgOffColor:\"#000000\",\t\t\t\tplaylistRecordBgOnColor:\"#000000\",\t\t\t\tplaylistRecordBottomBorderOffColor:\"#333333\",\t\t\t\tplaylistRecordBottomBorderOnColor:\"#4d4d4d\",\t\t\t\tplaylistRecordTextOffColor:\"#777777\",\t\t\t\tplaylistRecordTextOnColor:\"#00b4f9\",\t\t\t\tcategoryRecordBgOffColor:\"#000000\",\t\t\t\tcategoryRecordBgOnColor:\"#252525\",\t\t\t\tcategoryRecordBottomBorderOffColor:\"#2f2f2f\",\t\t\t\tcategoryRecordBottomBorderOnColor:\"#2f2f2f\",\t\t\t\tcategoryRecordTextOffColor:\"#777777\",\t\t\t\tcategoryRecordTextOnColor:\"#00b4f9\",\t\t\t\tnumberOfThumbsPerScreen:7,\t\t\t\tplaylistPadding:18,\t\t\t\tfirstCateg:\"ALL RADIO STATIONS\",\t\t\t\tshowCategories:true,\t\t\t\tselectedCategBg:\"#000000\",\t\t\t\tselectedCategOffColor:\"#FFFFFF\",\t\t\t\tselectedCategOnColor:\"#00b4f9\",\t\t\t\tselectedCategMarginBottom:12,\t\t\t\tshowSearchArea:true,\t\t\t\tsearchAreaBg:\"#000000\",\t\t\t\tsearchInputText:\"search...\",\t\t\t\tsearchInputBg:\"#ffffff\",\t\t\t\tsearchInputBorderColor:\"#333333\",\t\t\t    searchInputTextColor:\"#333333\",\t\t\t\tshowPlaylistNumber:true,\t\t\t\tpathToAjaxFiles:\"https:\/\/radio3des.fr\/wp-content\/plugins\/lbg-audio4-html5-shoutcast\/audio4_html5\/\",\t\t\t\tnowPlayingInterval:35,\t\t\t\tgrabLastFmPhoto:true,\t\t\t\tgrabStreamnameAndGenre:true,\t\t\t\tnoImageAvailable:\"http:\/\/radio3des.fr\/wp-content\/uploads\/2025\/02\/90237457_2384677628299772_8005006212888264704_o-269x2691-1.jpg\"\t\t\t});\t\t}, 1000);\t\t});\t<\/script>    <div class=\"audio4_html5\">            <div id=\"lbg_audio4_html5_shoutcast_2\">                  <div class=\"xaudioplaylist\"><ul>                \t<li class=\"xradiostream\">https:\/\/vps4.wanastream.com:63100\/<\/li>        <\/ul><\/div>            <\/div>     <\/div>\t<br style=\"clear:both;\"><\/p><\/h3>\n\n\n\n<h3 class=\"wp-block-heading\"><em><strong>radio3des: 90.9 FM<\/strong><\/em><\/h3>\n\n\n\n<h3 class=\"wp-block-heading\"><em><strong>site: <a href=\"http:\/\/www.radio3des.com\">www.radio3des.com<\/a><\/strong><\/em><\/h3>\n\n\n\n<h3 class=\"wp-block-heading\"><em><strong>site: <a href=\"http:\/\/www.radio3des.fr\">www.radio3des.fr<\/a><\/strong><\/em><\/h3>\n\n\n\n<h1 class=\"wp-block-heading\">XXXXXX<\/h1>\n\n\n\n<figure class=\"wp-block-image\"><img decoding=\"async\" src=\"https:\/\/www.radio3des.com\/wp-content\/uploads\/2025\/10\/anniv-radio-3des-1-709x709.png\" alt=\"\" class=\"wp-image-12608\"\/><\/figure>\n\n\n\n<h3 class=\"wp-block-heading\"><em><strong>site: <a href=\"http:\/\/www.radio3des.fr\">www.radio3des.fr<\/a><\/strong><\/em><\/h3>\n\n\n\n<h3 class=\"wp-block-heading\"><em><strong>site: <a href=\"http:\/\/www.radio3des.com\">www.radio3des.com<\/a><\/strong><\/em><\/h3>\n\n\n\n<h1 class=\"wp-block-heading\"><strong>XXXXXXXXX<\/strong><\/h1>\n\n\n\n<h2 class=\"wp-block-heading\"><strong>DESTINATION &#8211; SANTE<\/strong><\/h2>\n\n\n\n<h1 class=\"wp-block-heading\"><strong>Cancer du pancr\u00e9as &#8211; bient\u00f4t le 2\u00e8me cancer le plus meurtrier<\/strong><\/h1>\n\n\n\n<p>20 novembre 2025<\/p>\n\n\n\n<h2 class=\"wp-block-heading\"><strong>En constante augmentation, le cancer du pancr\u00e9as est en passe de devenir la deuxi\u00e8me cause de mortalit\u00e9 par cancer en Europe. D\u00e9tect\u00e9 souvent trop tardivement, l\u2019option chirurgicale n\u2019est bien souvent plus envisageable lors du diagnostic. La d\u00e9couverte de nouvelles options th\u00e9rapeutiques est donc une n\u00e9cessit\u00e9. Faisons le point \u00e0 l\u2019occasion de la Journ\u00e9e mondiale d\u00e9di\u00e9e \u00e0 la maladie.<\/strong><\/h2>\n\n\n\n<figure class=\"wp-block-image\"><img decoding=\"async\" src=\"https:\/\/destinationsante.com\/wp-content\/uploads\/2025\/11\/shutterstock_2627258033.jpg\" alt=\"\"\/><\/figure>\n\n\n\n<p>\u00a9 sasirin pamai\/Shutterstock.com<\/p>\n\n\n\n<p>Jeudi 20 novembre se tient la journ\u00e9e mondiale de lutte contre&nbsp;<a href=\"https:\/\/destinationsante.com\/cancer-du-pancreas-une-decouverte-majeure-ouvre-la-voie-a-de-nouveaux-traitements.html\" target=\"_blank\" rel=\"noreferrer noopener\">le cancer du pancr\u00e9as<\/a>, aujourd\u2019hui 4\u00e8me&nbsp;cause de d\u00e9c\u00e8s par cancer en Europe. En 2023, ce cancer au&nbsp;<a href=\"https:\/\/destinationsante.com\/cancer-du-pancreas-pourquoi-est-il-si-redoute.html\" target=\"_blank\" rel=\"noreferrer noopener\">sombre pronostic<\/a>&nbsp;a touch\u00e9 quelque 16 000 personnes en France. Et son taux d\u2019incidence progresse ann\u00e9e apr\u00e8s ann\u00e9e, en majorit\u00e9 chez les personnes de plus de 50 ans, avec une hausse de 1,6 % par an entre 2010 et 2023 chez les hommes et 2,1 % par an entre 2010 et 2023 chez les femmes.<\/p>\n\n\n\n<h2 class=\"wp-block-heading\"><strong>Un taux de survie de 11 % \u00e0 5 ans<\/strong><\/h2>\n\n\n\n<p>Le cancer du pancr\u00e9as est diagnostiqu\u00e9 souvent tardivement, lorsque la tumeur s\u2019est d\u00e9velopp\u00e9e en dehors du pancr\u00e9as. C\u2019est \u00e0 ce moment seulement que les sympt\u00f4mes apparaissent. En outre, ceux-ci ne sont pas sp\u00e9cifiques et peuvent avoir d\u2019autres causes. Ce qui retarde encore le diagnostic. Bien souvent, dans 80 \u00e0 90 % des cas, celui-ci intervient alors qu\u2019il est trop tard pour envisager une chirurgie, actuellement seul traitement potentiellement curatif.&nbsp;<em>\u00ab&nbsp;La prise en charge repose alors sur des chimioth\u00e9rapies lourdes, trop souvent insuffisantes, d\u2019o\u00f9 l\u2019urgence de d\u00e9velopper de nouvelles approches diagnostiques et th\u00e9rapeutiques&nbsp;\u00bb,<\/em>&nbsp;souligne la Fondation ARC contre le cancer. A 5 ans, le taux de survie n\u2019est que de 11 %.<\/p>\n\n\n\n<h2 class=\"wp-block-heading\"><strong>Quelles pistes th\u00e9rapeutiques&nbsp;?<\/strong><\/h2>\n\n\n\n<p>Incidence en hausse, absence de signes cliniques sp\u00e9cifiques, le cancer du pancr\u00e9as devrait devenir,&nbsp;selon les projections, la 2e&nbsp;cause de mortalit\u00e9 par cancer d\u2019ici 2030 en Europe et aux Etats-Unis en l\u2019absence de nouvelles strat\u00e9gies th\u00e9rapeutiques. Ainsi, la fondation ARC a-t-elle lanc\u00e9 en 2022 l\u2019appel \u00e0 projet PANCREAS. Objectif&nbsp;:&nbsp;<em>\u00ab&nbsp;soutenir des travaux innovants autour du diagnostic pr\u00e9coce, de nouvelles approches th\u00e9rapeutiques pour les patients non op\u00e9rables, et des cibles actionnables du microenvironnement tumoral, afin de contourner les r\u00e9sistances de ces cancers&nbsp;\u00bb.<\/em><\/p>\n\n\n\n<p>La fondation braque les projecteurs sur 3 projets qu\u2019elle soutient&nbsp;:<\/p>\n\n\n\n<ul class=\"wp-block-list\">\n<li><strong>Contourner la r\u00e9sistance aux traitements associant chimioth\u00e9rapie et immunoth\u00e9rapie.<\/strong>\u00a0L\u2019hypoth\u00e8se du Pr Fran\u00e7ois Ghiringhelli (Centre Georges Fran\u00e7ois Leclerc, Dijon) et de son \u00e9quipe\u00a0? Que l\u2019interleukine-1 (IL-1), prot\u00e9ine produite par le syst\u00e8me immunitaire, permet aux cellules tumorales de se prot\u00e9ger des traitements. Leurs travaux consistent \u00e0 d\u00e9terminer s\u2019il peut \u00eatre pertinent de bloquer la voie IL-1 pour restaurer la sensibilit\u00e9 aux traitements.<\/li>\n<\/ul>\n\n\n\n<ul class=\"wp-block-list\">\n<li><strong>Fragiliser la tumeur via une th\u00e9rapie g\u00e9nique pour laisser le champ libre aux cellules immunitaires.<\/strong>\u00a0<em>\u00ab Nous proposons une th\u00e9rapie g\u00e9nique innovante pour cr\u00e9er des br\u00e8ches dans le microenvironnement tumoral et y attirer les cellules immunitaires anti-tumorales rendant les patients \u00e9ligibles \u00e0 l\u2019immunoth\u00e9rapie cellulaire \u00bb,\u00a0<\/em>explique la Pr Sandrine Dabernat (Institut de Recherche en Oncologie de Bordeaux). Il s\u2019agit d\u2019introduire dans l\u2019organisme des virus modifi\u00e9s ciblant les cellules canc\u00e9reuses du pancr\u00e9as, les rendant ainsi vuln\u00e9rables aux attaques du syst\u00e8me immunitaire.<\/li>\n<\/ul>\n\n\n\n<ul class=\"wp-block-list\">\n<li><strong>D\u00e9tecter le cancer du pancr\u00e9as le plus t\u00f4t possible gr\u00e2ce \u00e0 une biopsie liquide, un simple pr\u00e9l\u00e8vement sanguin<\/strong>.\u00a0<em>\u00ab\u00a0Cette approche analyse des sp\u00e9cificit\u00e9s biologiques des cellules immunitaires associ\u00e9es \u00e0 la d\u00e9tection des l\u00e9sions pancr\u00e9atiques pr\u00e9canc\u00e9reuses ou un cancer du pancr\u00e9as \u00e0 un stade pr\u00e9coce\u00a0\u00bb.\u00a0<\/em>Si le cancer du pancr\u00e9as \u00e9tait diagnostiqu\u00e9 plus t\u00f4t, l\u2019option chirurgicale serait alors envisageable pour davantage de patients.<\/li>\n<\/ul>\n\n\n\n<h2 class=\"wp-block-heading\"><strong>Quels signes doivent alerter&nbsp;?<\/strong><\/h2>\n\n\n\n<p>Une d\u00e9tection pr\u00e9coce passe aussi par la vigilance. Le centre anti-cancer L\u00e9on-B\u00e9rard de Lyon liste les signes qui doivent alerter et pousser \u00e0 consulter&nbsp;:<\/p>\n\n\n\n<ul class=\"wp-block-list\">\n<li>une jaunisse\u00a0;<\/li>\n\n\n\n<li>des douleurs abdominales\u00a0;<\/li>\n\n\n\n<li>des douleurs au milieu dos\u00a0;<\/li>\n\n\n\n<li>un diab\u00e8te d\u2019apparition r\u00e9cent\u00a0;<\/li>\n\n\n\n<li>une thrombose\u00a0;<\/li>\n\n\n\n<li>des modifications du transit intestinal\u00a0;<\/li>\n\n\n\n<li>un amaigrissement inexpliqu\u00e9\u00a0;<\/li>\n\n\n\n<li>des naus\u00e9es\u00a0;<\/li>\n\n\n\n<li>des sympt\u00f4mes d\u00e9pressifs.<\/li>\n<\/ul>\n\n\n\n<ul class=\"wp-block-list\">\n<li>Source :\u00a0Centre anticancer L\u00e9on-B\u00e9rard, Fondation Arc, L\u2019Institut national du cancer<\/li>\n\n\n\n<li>Ecrit par :\u00a0Doroth\u00e9e Duchemin \u2013 Edit\u00e9 par Emmanuel Ducreuzet<\/li>\n<\/ul>\n\n\n\n<p><\/p>\n\n\n\n<p> <a href=\"https:\/\/destinationsante.com\/cancer-du-pancreas-bientot-le-2eme-cancer-le-plus-meurtrier.html#tabs-1\">l&rsquo;actu<\/a><\/p>\n\n\n\n<figure class=\"wp-block-image\"><img decoding=\"async\" src=\"https:\/\/www.radio3des.com\/wp-content\/uploads\/2025\/11\/fete-de-noel-2025-522x732.png\" alt=\"\" class=\"wp-image-12655\"\/><\/figure>\n\n\n\n<h1 class=\"wp-block-heading\"><strong>XXXXXXXXX<\/strong><\/h1>\n\n\n\n<h3 class=\"wp-block-heading\"><strong>L&rsquo;association AXO&rsquo; C\u0152UR.<\/strong><\/h3>\n\n\n\n<h3 class=\"wp-block-heading\"><strong>De Guignicourt 02190<\/strong><\/h3>\n\n\n\n<h3 class=\"wp-block-heading\"><strong>Se d\u00e9place avec ses choristes<\/strong><\/h3>\n\n\n\n<h3 class=\"wp-block-heading\"><strong>en la commune de Vailly sur Aisne<\/strong><\/h3>\n\n\n\n<h3 class=\"wp-block-heading\"><strong>Dans les locaux de la maison de retraite<\/strong><\/h3>\n\n\n\n<h3 class=\"wp-block-heading\"><strong>5, Rue de Monfaucon.<\/strong><\/h3>\n\n\n\n<h3 class=\"wp-block-heading\"><strong>O\u00f9 ils interpr\u00e9teront et offriront .<\/strong><\/h3>\n\n\n\n<h3 class=\"wp-block-heading\"><strong>Aux r\u00e9sidents<\/strong><\/h3>\n\n\n\n<h3 class=\"wp-block-heading\"><strong>De la maison de retraite<\/strong><\/h3>\n\n\n\n<h3 class=\"wp-block-heading\"><strong>des chants de No\u00ebl.<\/strong><\/h3>\n\n\n\n<h3 class=\"wp-block-heading\"><strong>Notez bien :<\/strong><\/h3>\n\n\n\n<h3 class=\"wp-block-heading\"><strong>Le samedi 29 novembre 2025 \u00e0 14h30<\/strong><\/h3>\n\n\n\n<h3 class=\"wp-block-heading\"><strong>\u00c0 Vailly sur Aisne 02<\/strong><\/h3>\n\n\n\n<h3 class=\"wp-block-heading\"><strong>Concert en la maison de retraite.<\/strong><\/h3>\n\n\n\n<h3 class=\"wp-block-heading\"><strong>Offert par l&rsquo;association<\/strong><\/h3>\n\n\n\n<h3 class=\"wp-block-heading\"><strong>AXO&rsquo; C\u0152UR \u2013 de Guignicourt 02190.<\/strong><\/h3>\n\n\n\n<h3 class=\"wp-block-heading\"><strong>Merci pour la d\u00e9marche<\/strong><\/h3>\n\n\n\n<h3 class=\"wp-block-heading\"><strong>De l&rsquo;association et des choristes.<\/strong><\/h3>\n\n\n\n<h3 class=\"wp-block-heading\"><strong>Qui va par sa d\u00e9marche donner du baume au c\u0153ur,<\/strong><\/h3>\n\n\n\n<h3 class=\"wp-block-heading\"><strong>Aux anciens de la maison de retraite.<\/strong><\/h3>\n\n\n\n<h3 class=\"wp-block-heading\"><strong>Et aux soignants.<\/strong><\/h3>\n\n\n\n<h3 class=\"wp-block-heading\"><strong>Bonne apr\u00e8s-midi \u00e0 toutes et \u00e0 tous<\/strong><\/h3>\n\n\n\n<figure class=\"wp-block-audio\"><audio controls src=\"https:\/\/www.radio3des.com\/wp-content\/uploads\/2025\/11\/001.dif_.-Axo-coeur-se-deplace-Vailly-sur-Aisne-le-samedi-29-novembre-2025-a-14h30.mp3\"><\/audio><\/figure>\n\n\n<div class=\"wp-block-image\">\n<figure class=\"aligncenter\"><img decoding=\"async\" src=\"https:\/\/www.radio3des.com\/wp-content\/uploads\/2025\/10\/AXO-CHOEUR-concert-le-samedi-Vailly-_-29.11.205-532x732.jpg\" alt=\"\" class=\"wp-image-12578\"\/><\/figure>\n<\/div>\n\n\n<h1 class=\"wp-block-heading\"><strong>XXXXXXXXX<\/strong><\/h1>\n\n\n\n<figure class=\"wp-block-image\"><img decoding=\"async\" src=\"https:\/\/www.radio3des.com\/wp-content\/uploads\/2025\/11\/veslud-6-decembre-2025-concert-exo-coeur-\u2013-Laon-chanteur-501x732.jpg\" alt=\"\" class=\"wp-image-12674\"\/><\/figure>\n\n\n\n<h3 class=\"wp-block-heading\"><strong>LA COMMUNE de Veslud . 02.<\/strong><\/h3>\n\n\n\n<h3 class=\"wp-block-heading\"><strong>Le samedi 6 d\u00e9cembre 2025 \u00e0 19 heures.<\/strong><\/h3>\n\n\n\n<h3 class=\"wp-block-heading\"><strong>La chorale Axo C\u0153ur de Guignicourt d\u00e9partement de l&rsquo;Aisne.<\/strong><\/h3>\n\n\n\n<h3 class=\"wp-block-heading\"><strong>Est invit\u00e9 par la chorale .<\/strong><\/h3>\n\n\n\n<h3 class=\"wp-block-heading\"><strong>(LAON CHANTEUR).<\/strong><\/h3>\n\n\n\n<h3 class=\"wp-block-heading\"><strong>En la salle des f\u00eates de. Veslud.<\/strong><\/h3>\n\n\n\n<h3 class=\"wp-block-heading\"><strong>\u00c0 participer en commun \u00e0 un concert de No\u00ebl.<\/strong><\/h3>\n\n\n\n<h3 class=\"wp-block-heading\"><strong>Au programme seront interpr\u00e9t\u00e9es.<\/strong><\/h3>\n\n\n\n<h3 class=\"wp-block-heading\"><strong>. Par une narratrice d\u00e9compte des comptes et des po\u00e9sies.<\/strong><\/h3>\n\n\n\n<h3 class=\"wp-block-heading\"><strong>Et des chants de No\u00ebl par les deux chorales.<\/strong><\/h3>\n\n\n\n<h3 class=\"wp-block-heading\"><strong>(LAON CHANTEUR et AXO C\u0152UR).<\/strong><\/h3>\n\n\n\n<h3 class=\"wp-block-heading\"><strong>L&rsquo;entr\u00e9e est libre.<\/strong><\/h3>\n\n\n\n<h3 class=\"wp-block-heading\"><strong>Souvenons-nous : le samedi 6 d\u00e9cembre 2025.<\/strong><\/h3>\n\n\n\n<h3 class=\"wp-block-heading\"><strong>Concert en la salle des f\u00eates de VESLUD. D\u00e9partement de l&rsquo;Aisne.<\/strong><\/h3>\n\n\n\n<h3 class=\"wp-block-heading\"><strong>\u00c0 19 heures en la salle des f\u00eates.<\/strong><\/h3>\n\n\n\n<h3 class=\"wp-block-heading\"><strong>O\u00f9 vous pourrez appr\u00e9cier les deux chorales qui interpr\u00e9teront des chants de No\u00ebl.<\/strong><\/h3>\n\n\n\n<h3 class=\"wp-block-heading\"><strong>Et le narrateur qui viendra pr\u00e9senter des compte et des po\u00e9sies.<\/strong><\/h3>\n\n\n\n<h3 class=\"wp-block-heading\"><strong>Bienvenue bonne soir\u00e9e \u00e0 toutes et \u00e0 tous<\/strong><\/h3>\n\n\n\n<figure class=\"wp-block-audio\"><audio controls src=\"https:\/\/www.radio3des.com\/wp-content\/uploads\/2025\/11\/0005.diff_.VESLUD-concert-le-6-12-2025-a-19-heures.mp3\"><\/audio><\/figure>\n\n\n\n<h1 class=\"wp-block-heading\"><strong>XXXXXXXXX<\/strong><\/h1>\n\n\n\n<ul class=\"wp-block-list\">\n<li><\/li>\n<\/ul>\n\n\n\n<h3 class=\"wp-block-heading\"><img loading=\"lazy\" decoding=\"async\" src=\"https:\/\/www.radio3des.com\/wp-content\/uploads\/2025\/11\/PROUVAIS-\u2013-13.12.25-\u2013-COMEDIE-AISNE-\u2013-THEATRE-\u2013-LA-MYSTERIEUSE--503x732.jpg\" alt=\"\" width=\"687\" height=\"1000\"><\/h3>\n\n\n\n<figure class=\"wp-block-table\"><table class=\"has-fixed-layout\"><tbody><tr><td><\/td><\/tr><\/tbody><\/table><\/figure>\n\n\n\n<figure class=\"wp-block-audio\"><audio controls src=\"https:\/\/www.radio3des.com\/wp-content\/uploads\/2025\/11\/003.diff-PROUVAIS-THEATRES-\u2013-COMEDIE-AISNE-\u2013-SAMEDI-13-DECEMBRE-A-20H30-1.mp3\"><\/audio><\/figure>\n\n\n\n<h4 class=\"wp-block-heading\"><strong>le 13 d\u00e9cembre 2025&nbsp; La c\u00e9l\u00e8bre \u00ab\u00a0f\u00eate des voisins\u00a0\u00bb tant attendue !<\/strong><\/h4>\n\n\n\n<h4 class=\"wp-block-heading\"><strong>Mais pourquoi ce banc install\u00e9 au beau milieu de leur jardin intrigue t-il les voisins&nbsp;?<\/strong><\/h4>\n\n\n\n<h4 class=\"wp-block-heading\"><strong>Quel myst\u00e8re cache-t-il&nbsp;?<\/strong><\/h4>\n\n\n\n<h4 class=\"wp-block-heading\"><strong>Quel est donc le secret de William et B\u00e9atrice&nbsp;?<\/strong><\/h4>\n\n\n\n<h4 class=\"wp-block-heading\"><strong>Entre les mensonges, les hypocrisies, les situations loufoques et grin\u00e7antes, la soir\u00e9e qui s&rsquo;annon\u00e7ait festive risque fort de virer au fiasco ! Et avec les voisins hauts en couleur, mieux vaut s&rsquo;attendre \u00e0 tout sauf \u00e0 la tranquillit\u00e9 !<\/strong><\/h4>\n\n\n\n<h3 class=\"wp-block-heading\"><strong>XXXX<\/strong><\/h3>\n\n\n\n<h1 class=\"wp-block-heading\"><strong>XXXXXXXXX<\/strong><\/h1>\n\n\n\n<figure class=\"wp-block-image\"><img decoding=\"async\" src=\"https:\/\/www.radio3des.com\/wp-content\/uploads\/2025\/11\/EN-TETE-\u2013-NOEL-SYNDICAT-DINITIATIVE-DE-GUIGNICOURT-\u2013-MERCREDI-1-1.jpg\" alt=\"\" class=\"wp-image-12622\"\/><\/figure>\n\n\n\n<figure class=\"wp-block-image\"><img decoding=\"async\" src=\"https:\/\/www.radio3des.com\/wp-content\/uploads\/2025\/11\/NOEL-SYNDICAT-DINITIATIVE-DE-GUIGNICOURT-\u2013-MERCREDI-10-DECEMBR-709x651.jpg\" alt=\"\" class=\"wp-image-12623\"\/><\/figure>\n\n\n\n<h1 class=\"wp-block-heading\">XXXXXXXXX<\/h1>\n\n\n<div class=\"wp-block-image\">\n<figure class=\"aligncenter\"><img decoding=\"async\" src=\"https:\/\/www.radio3des.com\/wp-content\/uploads\/2025\/08\/530068431_9706359512798177_7695493535423201293_n-709x399.jpg\" alt=\"\" class=\"wp-image-12400\"\/><\/figure>\n<\/div>\n\n\n<h3 class=\"wp-block-heading\"><\/h3>\n\n\n\n<h3 class=\"wp-block-heading\">La Courte \u00e9chelle et Destination Qu\u00e9bec<\/h3>\n\n\n\n<figure class=\"wp-block-image\"><img decoding=\"async\" src=\"https:\/\/www.radio3des.com\/wp-content\/uploads\/2025\/11\/visuel-ct-ech-sem-48-25capsules-412x732.png\" alt=\"\" class=\"wp-image-12680\"\/><\/figure>\n\n\n\n<figure class=\"wp-block-image\"><img decoding=\"async\" src=\"https:\/\/www.radio3des.com\/wp-content\/uploads\/2025\/11\/visuel-ct-ech-sem-48-25VL-412x732.png\" alt=\"\" class=\"wp-image-12681\"\/><\/figure>\n\n\n\n<h1 class=\"wp-block-heading\">A 13 H 15 A 13 H 15 MN &#8211;<\/h1>\n\n\n\n<h1 class=\"wp-block-heading\">le jeudi et samedi de \u00e0 8 h \u00e0 58 et 17 h \u00e0 58<\/h1>\n\n\n\n<h1 class=\"wp-block-heading\">DU LUNDI AU VENDREDI \u2013 Et de nuit \u00e0 05 h \u00e0&nbsp; 58<\/h1>\n\n\n\n<h1 class=\"wp-block-heading\">xxxxxx<\/h1>\n\n\n<div class=\"wp-block-image\">\n<figure class=\"aligncenter\"><img decoding=\"async\" src=\"https:\/\/www.radio3des.com\/wp-content\/uploads\/2024\/11\/ma-musique-chante-en-francais-709x707.png\" alt=\"\" class=\"wp-image-11579\"\/><\/figure>\n<\/div>\n\n\n<h1 class=\"wp-block-heading\">Ma musique chante en Fran\u00e7ais<\/h1>\n\n\n\n<h3 class=\"wp-block-heading\"><em><strong>De 08 h \u00e0 10 h le lundi matin<\/strong><\/em><\/h3>\n\n\n\n<p><strong>2h de musiques de chansons Fran\u00e7aise<\/strong><\/p>\n\n\n\n<h5 class=\"wp-block-heading\">LUNDI ET VENDREDIDE 16 H \u2013 18 H<\/h5>\n\n\n\n<h5 class=\"wp-block-heading\"><strong>MUSIQUE \u2013&nbsp;<\/strong><strong>SUR RADIO 3 DES &#8211; <\/strong><strong>CHANSON FRANCAIS<\/strong><\/h5>\n\n\n\n<h6 class=\"wp-block-heading\">RADIO 3&nbsp; DES<\/h6>\n\n\n<div class=\"wp-block-image\">\n<figure class=\"aligncenter\"><img decoding=\"async\" src=\"https:\/\/www.radio3des.com\/wp-content\/uploads\/2025\/11\/visuel-emiss-sem-48-25special-nanars-412x732.png\" alt=\"\" class=\"wp-image-12682\"\/><\/figure>\n<\/div>\n\n\n<h2 class=\"wp-block-heading\">Jazz et Compagnie<\/h2>\n\n\n\n<h2 class=\"wp-block-heading\"><img loading=\"lazy\" decoding=\"async\" src=\"https:\/\/www.radio3des.com\/wp-content\/uploads\/2024\/09\/457362198_7458498094251008_1369393452342372335_n-709x709.jpg\" alt=\"\" width=\"709\" height=\"709\"><\/h2>\n\n\n\n<h1 class=\"wp-block-heading\">XXXXXX<\/h1>\n\n\n\n<h1 class=\"wp-block-heading\"><strong>Fred&rsquo;s Country w-2025<\/strong><\/h1>\n\n\n\n<h2 class=\"wp-block-heading\"><strong>Le mercredi de 23 h \u00e0 0h<\/strong><\/h2>\n\n\n\n<figure class=\"wp-block-image\"><img decoding=\"async\" src=\"https:\/\/www.radio3des.com\/wp-content\/uploads\/2025\/11\/Program-Fred4825-517x732.jpg\" alt=\"\" class=\"wp-image-12684\"\/><\/figure>\n\n\n\n<figure class=\"wp-block-audio\"><audio controls src=\"https:\/\/www.radio3des.com\/wp-content\/uploads\/2025\/10\/FCw45-25-A.mp3\"><\/audio><\/figure>\n\n\n\n<h1 class=\"wp-block-heading\"><strong>XXXXXX<\/strong><\/h1>\n\n\n\n<h1 class=\"wp-block-heading\">Ma musique chante en Fran\u00e7ais<\/h1>\n\n\n\n<h3 class=\"wp-block-heading\"><em><strong>De 08 h \u00e0 10 h le lundi matin<\/strong><\/em><\/h3>\n\n\n\n<p><strong>2h de musiques de chansons Fran\u00e7aise<\/strong><\/p>\n\n\n\n<h1 class=\"wp-block-heading\"><em><strong>XXXXXX<\/strong><\/em><\/h1>\n\n\n\n<h2 class=\"wp-block-heading\"><strong><em>Jean Claude Vasseur<\/em><\/strong><\/h2>\n\n\n\n<figure class=\"wp-block-embed\"><div class=\"wp-block-embed__wrapper\">\nhttps:\/\/www.musicfranco.net\/wp-content\/uploads\/2024\/08\/1ER-JUS-TALENTS.mp4?_=2\n<\/div><\/figure>\n\n\n\n<figure class=\"wp-block-image\"><img decoding=\"async\" src=\"https:\/\/www.radio3des.com\/wp-content\/uploads\/2025\/09\/image001-13.jpg\" alt=\"\" class=\"wp-image-12445\"\/><\/figure>\n\n\n\n<ul class=\"wp-block-list\">\n<li>\n<ul class=\"wp-block-list\">\n<li>\n<ul class=\"wp-block-list\">\n<li><img loading=\"lazy\" decoding=\"async\" width=\"546\" height=\"732\" src=\"https:\/\/www.radio3des.com\/wp-content\/uploads\/2025\/02\/VC8qsbA9RAKS2yd6FaceaQ-2025-aff-sans-logos-546x732.png\" alt=\"\"><\/li>\n<\/ul>\n<\/li>\n<\/ul>\n<\/li>\n<\/ul>\n\n\n\n<h2 class=\"wp-block-heading\"><a href=\"https:\/\/www.jazztitudes.org\/sitemap\/\">&nbsp; &nbsp; &nbsp; &nbsp; &nbsp; &nbsp; &nbsp; &nbsp; &nbsp; &nbsp; &nbsp; &nbsp; https:\/\/www.jazztitudes.org\/sitemap\/<\/a><\/h2>\n\n\n\n<h1 class=\"wp-block-heading\"><strong>++<\/strong><strong>++++<\/strong><\/h1>\n\n\n\n<h2 class=\"wp-block-heading\"><strong><a href=\"http:\/\/www.spectable.com\/\">Spectable.com<\/a><\/strong><\/h2>\n\n\n\n<h2 class=\"wp-block-heading\"><strong>++<\/strong><strong>++++<\/strong><\/h2>\n\n\n\n<h5 class=\"wp-block-heading\">www.spectable.com<\/h5>\n\n\n\n<h2 class=\"wp-block-heading\"><strong>++<\/strong><strong>++++<\/strong><\/h2>\n\n\n\n<h5 class=\"wp-block-heading\">Votre programme t\u00e9l\u00e9vision<\/h5>\n\n\n\n<h5 class=\"wp-block-heading\"><a href=\"https:\/\/television.telerama.fr\/tele\/grille\">T\u00e9l\u00e9vision.<\/a><\/h5>\n\n\n\n<h1 class=\"wp-block-heading\">++++++<\/h1>\n\n\n<div class=\"wp-block-image\">\n<figure class=\"aligncenter\"><a href=\"https:\/\/i0.wp.com\/radio3des.com\/wp-content\/uploads\/2015\/09\/les-nanars-R3D.png\"><img decoding=\"async\" src=\"https:\/\/i0.wp.com\/radio3des.com\/wp-content\/uploads\/2015\/09\/les-nanars-R3D.png?resize=1200%2C1200\" alt=\"\" class=\"wp-image-6420\"\/><\/a><\/figure>\n<\/div>\n\n\n<h5 class=\"wp-block-heading\"><strong>Reportage.<\/strong><\/h5>\n\n\n\n<h1 class=\"wp-block-heading\"><a href=\"http:\/\/www.franf.fr\/\" target=\"_blank\" rel=\"noreferrer noopener\">www.franf.fr<\/a><\/h1>\n\n\n\n<h1 class=\"wp-block-heading\"><strong>Radios Associatives de la R\u00e9gion Haut de France<\/strong><\/h1>\n\n\n\n<h1 class=\"wp-block-heading\">++++++<\/h1>\n\n\n\n<h3 class=\"wp-block-heading\">DE 9 H A 10 H VENDREDI<\/h3>\n\n\n\n<h1 class=\"wp-block-heading\">++++++<\/h1>\n\n\n\n<h6 class=\"wp-block-heading\"><img loading=\"lazy\" decoding=\"async\" src=\"https:\/\/radio3des.files.wordpress.com\/2015\/08\/mc3a9tc3a9o.png?w=300&amp;resize=780%2C165\" alt=\"Featured image\" width=\"780\" height=\"165\"><\/h6>\n\n\n\n<h5 class=\"wp-block-heading\"><em><strong>M\u00c9T\u00c9O FRANCE-M\u00c9T\u00c9O FRANCE-M\u00c9T\u00c9O FRANCE-M\u00c9T\u00c9O FRANCE<\/strong><\/em><\/h5>\n\n\n\n<h5 class=\"wp-block-heading\"><em><strong><a href=\"http:\/\/www.meteofrance.com\/previsions-meteo-france\/aisne\/02\">meteofrance.com<\/a><\/strong><\/em><\/h5>\n\n\n<div class=\"wp-block-image\">\n<figure class=\"aligncenter\"><a href=\"https:\/\/i0.wp.com\/radio3des.com\/wp-content\/uploads\/2015\/09\/Laccord%C3%A9on-en-f%C3%AAte.jpg\"><img decoding=\"async\" src=\"https:\/\/i0.wp.com\/radio3des.com\/wp-content\/uploads\/2015\/09\/Laccord%C3%A9on-en-f%C3%AAte.jpg?resize=1200%2C1200\" alt=\"\" class=\"wp-image-5369\"\/><\/a><\/figure>\n<\/div>\n\n<div class=\"wp-block-image\">\n<figure class=\"aligncenter\"><a href=\"https:\/\/i0.wp.com\/radio3des.com\/wp-content\/uploads\/2015\/09\/81456611_10212513620634862_3030632067697213440_o.jpg\"><img decoding=\"async\" src=\"https:\/\/i0.wp.com\/radio3des.com\/wp-content\/uploads\/2015\/09\/81456611_10212513620634862_3030632067697213440_o.jpg?resize=561%2C558\" alt=\"\" class=\"wp-image-6505\"\/><\/a><\/figure>\n<\/div>\n\n<div class=\"wp-block-image\">\n<figure class=\"aligncenter\"><a href=\"https:\/\/i0.wp.com\/radio3des.com\/wp-content\/uploads\/2015\/09\/81805016_10212513595194226_3303802600587001856_o.jpg\"><img decoding=\"async\" src=\"https:\/\/i0.wp.com\/radio3des.com\/wp-content\/uploads\/2015\/09\/81805016_10212513595194226_3303802600587001856_o.jpg?resize=566%2C566\" alt=\"\" class=\"wp-image-6506\"\/><\/a><\/figure>\n<\/div>\n\n\n<h1 class=\"wp-block-heading\">++++++<\/h1>\n\n\n\n<h3 class=\"wp-block-heading\"><em><strong>Le dimanche de 7 heures \u00e0 12 heures.<\/strong><\/em><\/h3>\n\n\n\n<h3 class=\"wp-block-heading\"><em><strong>Avec Jean-Fran\u00e7ois. Alain et Jean-Michel<\/strong><\/em><\/h3>\n\n\n\n<h3 class=\"wp-block-heading\"><em><strong>Dans<\/strong><\/em><\/h3>\n\n\n\n<h3 class=\"wp-block-heading\"><em><strong>L\u2019ACCORD\u00c9ON EN F\u00caTES<\/strong><\/em><\/h3>\n\n\n\n<h3 class=\"wp-block-heading\"><em><strong>Le dimanche<\/strong><\/em><\/h3>\n\n\n\n<h5 class=\"wp-block-heading\">Radio 3 Des.90.9 FM.et.www.radio3des.com<\/h5>\n\n\n\n<h5 class=\"wp-block-heading\">La nuit de 4 h \u00e0 5 h<\/h5>\n\n\n\n<h5 class=\"wp-block-heading\">&nbsp;Jean-Michel<\/h5>\n\n\n\n<h5 class=\"wp-block-heading\">Le samedi de 7 heures \u00e0 8 heures<\/h5>\n\n\n\n<h5 class=\"wp-block-heading\">&nbsp;Avec Jean-Michel<\/h5>\n\n\n\n<h1 class=\"wp-block-heading\">++++++<\/h1>\n\n\n\n<h5 class=\"wp-block-heading\">Avec Jean-Fran\u00e7ois<\/h5>\n\n\n\n<h5 class=\"wp-block-heading\">\u00e0 16 h \u00e0 17 h<\/h5>\n\n\n\n<h5 class=\"wp-block-heading\">et 03 h \u00e0 04 h<\/h5>\n\n\n\n<h5 class=\"wp-block-heading\">les ann\u00e9es.50.60.70.80.et les nanars<\/h5>\n\n\n\n<h1 class=\"wp-block-heading\">++++++<\/h1>\n\n\n\n<h3 class=\"wp-block-heading\"><strong><u>06 H \u00e0 7 h&nbsp; : Le dimanche&nbsp;<\/u><\/strong><\/h3>\n\n\n\n<h3 class=\"wp-block-heading\"><strong>R\u00e9alis\u00e9e et Pr\u00e9sent\u00e9 par Annie<\/strong><\/h3>\n\n\n\n<h3 class=\"wp-block-heading\"><strong>&nbsp;Consacr\u00e9e \u00e0 la chanson fran\u00e7aise&nbsp;<\/strong><strong>et aux talents confirm\u00e9s.<\/strong><\/h3>\n\n\n\n<h1 class=\"wp-block-heading\">++++++<\/h1>\n\n\n\n<h5 class=\"wp-block-heading\">&nbsp;\u00c0 22 heures :<\/h5>\n\n\n\n<h5 class=\"wp-block-heading\">&nbsp;MUSIQUE POUR VOUS<\/h5>\n\n\n\n<h5 class=\"wp-block-heading\">par Christiane<\/h5>\n\n\n\n<h4 class=\"wp-block-heading\"><strong><u>01.Musique pour vous :<\/u><\/strong><\/h4>\n\n\n\n<h4 class=\"wp-block-heading\"><strong>r\u00e9alis\u00e9e par Christiane<\/strong><\/h4>\n\n\n\n<h4 class=\"wp-block-heading\"><strong>Pr\u00e9sent\u00e9 \u00e0 17 H le mardi<\/strong><\/h4>\n\n\n\n<h4 class=\"wp-block-heading\">le dimanche \u00e0 13 h<\/h4>\n\n\n\n<h4 class=\"wp-block-heading\"><strong>et du lundi au dimanche<\/strong><\/h4>\n\n\n\n<h4 class=\"wp-block-heading\"><strong>\u00e0 22 h<\/strong><\/h4>\n\n\n\n<h4 class=\"wp-block-heading\"><strong><u>02.Voyage voyage :&nbsp;<\/u><\/strong><\/h4>\n\n\n\n<h4 class=\"wp-block-heading\"><strong>Pr\u00e9sent\u00e9 et<\/strong><\/h4>\n\n\n\n<h4 class=\"wp-block-heading\"><strong>r\u00e9alis\u00e9e par Christiane<\/strong><\/h4>\n\n\n\n<h4 class=\"wp-block-heading\"><strong>De 21 h \u00e0 22 h le lundi&nbsp;<\/strong><\/h4>\n\n\n<div class=\"wp-block-image\">\n<figure class=\"aligncenter\"><a href=\"https:\/\/i0.wp.com\/radio3des.com\/wp-content\/uploads\/2015\/09\/musiques-%C3%A0-th%C3%A8mes.png\"><img decoding=\"async\" src=\"https:\/\/i0.wp.com\/radio3des.com\/wp-content\/uploads\/2015\/09\/musiques-%C3%A0-th%C3%A8mes.png?resize=565%2C562\" alt=\"\" class=\"wp-image-6306\"\/><\/a><\/figure>\n<\/div>\n\n\n<h4 class=\"wp-block-heading\"><strong>Consacr\u00e9e \u00e0 la chanson fran\u00e7aise&nbsp;<\/strong><strong>et aux talents confirm\u00e9s.<\/strong><\/h4>\n\n\n\n<h4 class=\"wp-block-heading\"><strong>&nbsp;Pr\u00e9sent\u00e9 le vendredi&nbsp;\u00e0 20 h par Annie.<\/strong><\/h4>\n\n\n<div class=\"wp-block-image\">\n<figure class=\"aligncenter\"><img decoding=\"async\" src=\"https:\/\/i0.wp.com\/www.radio3des.com\/wp-content\/uploads\/2015\/09\/AN1253.gif?resize=65%2C108&amp;ssl=1\" alt=\"\" class=\"wp-image-649\"\/><\/figure>\n<\/div>\n\n<div class=\"wp-block-image\">\n<figure class=\"aligncenter\"><img decoding=\"async\" src=\"https:\/\/i0.wp.com\/radio3des.com\/wp-content\/uploads\/2015\/09\/musiques-%C3%A0-th%C3%A8mes2.png?resize=550%2C547\" alt=\"\" class=\"wp-image-6414\"\/><\/figure>\n<\/div>\n\n\n<h5 class=\"wp-block-heading\"><strong>18 H :&nbsp;<u>\u00e9mission de 1 h&nbsp; :<\/u><\/strong><\/h5>\n\n\n\n<h5 class=\"wp-block-heading\"><strong>consacr\u00e9 aux nouveaux talents et nouvelles productions de la chanson fran\u00e7aise.<\/strong><\/h5>\n\n\n\n<h5 class=\"wp-block-heading\"><strong>Pr\u00e9sent\u00e9 du dimanche au vendredi&nbsp; par Annie<\/strong><\/h5>\n\n\n\n<h4 class=\"wp-block-heading\"><strong>14 h le mercredi. Le&nbsp;lundi au dimanche \u00e0 18 h1 h<\/strong><\/h4>\n\n\n\n<h4 class=\"wp-block-heading\"><strong>la nuit.consacr\u00e9 aux nouveauxtalents et nouvelles productions<\/strong><\/h4>\n\n\n\n<h1 class=\"wp-block-heading\"><strong>++++++<\/strong><\/h1>\n\n\n<div class=\"wp-block-image\">\n<figure class=\"aligncenter\"><img decoding=\"async\" src=\"https:\/\/i0.wp.com\/www.radio3des.com\/wp-content\/uploads\/2015\/09\/AN1217.gif?resize=74%2C159&amp;ssl=1\" alt=\"\" class=\"wp-image-646\"\/><\/figure>\n<\/div>\n\n<div class=\"wp-block-image\">\n<figure class=\"aligncenter\"><img decoding=\"async\" src=\"https:\/\/i0.wp.com\/radio3des.com\/wp-content\/uploads\/2015\/09\/AN1079.gif?resize=72%2C97\" alt=\"AN1079\" class=\"wp-image-638\"\/><\/figure>\n<\/div>\n\n\n<h5 class=\"wp-block-heading\"><strong>&nbsp;Nous diffusons les messages pour les associations, les Comit\u00e9s des F\u00eates, les Mairies de notre r\u00e9gion qui nous en font la demande, dans le cadre de leur activit\u00e9 associative ou d\u2019int\u00e9r\u00eat g\u00e9n\u00e9ral.Ne comportant pas de publicit\u00e9 de marque.Radio 3 des est une radio associative.<\/strong><strong>Et vu sa sp\u00e9cificit\u00e9 doit \u00eatre g\u00e9r\u00e9 comme une entreprise.<\/strong><strong>Elle a un co\u00fbt de fonctionnement permanent.<\/strong><strong>Cette ann\u00e9e, nous avons am\u00e9lior\u00e9 notre mat\u00e9riel de diffusion.<\/strong><strong>Qui va permettre aux auditeurs un meilleur confort d\u2019\u00e9coute.<\/strong><strong>Un coup de diffusion en progression constante, nous oblige afin de p\u00e9renniser notre action radiophonique a demand\u00e9 une petite participation financi\u00e8re aux annonceurs.<\/strong><strong>Les associations les comit\u00e9s des f\u00eates et les mairies de notre r\u00e9gion.Prix par message unitaire&nbsp;<\/strong><strong>35 \u20ac pour 10 jours avec six diffusions par jour soit 60 messages.&nbsp;les messages sont r\u00e9alis\u00e9s au studio par les animateurs de la radio.Pour les entreprises.&nbsp;De notre zone d\u2019\u00e9mission.<\/strong><strong>Nous pourrons r\u00e9aliser des messages dans la limite de notre autorisation&nbsp;(20 % du chiffre d\u2019affaires de notre radio associative).<\/strong><strong>Pour 10 jours avec six diffusions par jour soit 60 messages.<\/strong><strong>Tarif n\u00e9goci\u00e9 avec l\u2019entreprise.<\/strong><strong>Les messages seront r\u00e9alis\u00e9s au studio par les animateurs.<\/strong><strong>Ou par une r\u00e9gie de publicit\u00e9, ce qui augmente le co\u00fbt de r\u00e9alisation du message.Nous allons mettre en ligne une fiche de diffusion.<\/strong><strong>Que vous ne ferez parvenir huit jours avant la diffusion du message afin de r\u00e9aliser ce message bien&nbsp;s\u00fbr il&nbsp;sera accompagn\u00e9 de votre r\u00e8glement.<\/strong><strong>\u00c0 faire parvenir au studio de Radio 3 des.<\/strong><strong>Adresse ci-dessous<\/strong><strong>Radio 3 des<\/strong><strong>14, Rue de Prouvais<\/strong><strong>02190.&nbsp;Proviseux&nbsp;et&nbsp;PlesnoyVous pouvez aussi faire un don \u00e0 la radio.<\/strong><strong>Nous vous ferons parvenir.<\/strong><strong>Un re\u00e7u pour les imp\u00f4ts \u00e0&nbsp;faire parvenir au studio de Radio 3 des.<\/strong><strong>Adresse ci-dessous<\/strong><strong>Radio 3 des<\/strong><strong>14, Rue de Prouvais<\/strong><strong>02190.&nbsp;Proviseux&nbsp;et&nbsp;Plesnoy<\/strong><\/h5>\n\n\n\n<h1 class=\"wp-block-heading\">++++++<\/h1>\n\n\n\n<h4 class=\"wp-block-heading\"><strong>Nous r\u00e9alisons toutes les \u00e9missions b\u00e9n\u00e9volement :<\/strong><\/h4>\n\n\n\n<h4 class=\"wp-block-heading\"><strong>Le but de notre radio associative et d\u2019aider les autres.<\/strong><\/h4>\n\n\n\n<h4 class=\"wp-block-heading\"><strong>Surtout rester proche de tous les habitants qu\u2019ils soient jeunes ou plus \u00e2g\u00e9s.<\/strong><\/h4>\n\n\n\n<h4 class=\"wp-block-heading\"><strong>Tous les courriers devront \u00eatre adress\u00e9<\/strong><\/h4>\n\n\n\n<h4 class=\"wp-block-heading\"><strong>&nbsp;au pr\u00e9sident de<\/strong><\/h4>\n\n\n\n<h4 class=\"wp-block-heading\"><strong>RADIO 3 DES<\/strong><\/h4>\n\n\n\n<h4 class=\"wp-block-heading\"><strong>14 rues de Prouvais<\/strong><\/h4>\n\n\n\n<h4 class=\"wp-block-heading\"><strong>02190 Proviseux et Plesnoy<\/strong><\/h4>\n\n\n\n<h4 class=\"wp-block-heading\"><strong>Le pr\u00e9sident de Radio 3 des<\/strong><\/h4>\n\n\n\n<h4 class=\"wp-block-heading\"><strong>T\u00e9l 03.23.79.74.97<\/strong><\/h4>\n\n\n\n<h4 class=\"wp-block-heading\"><strong>Plateaux Jean-Michel<\/strong><\/h4>\n\n\n<div class=\"wp-block-image\">\n<figure class=\"aligncenter\"><img decoding=\"async\" src=\"https:\/\/i0.wp.com\/radio3des.com\/wp-content\/uploads\/2015\/09\/AN674.gif?resize=81%2C126\" alt=\"AN674\"\/><\/figure>\n<\/div>\n\n\n<h2 class=\"wp-block-heading\"><img loading=\"lazy\" decoding=\"async\" class=\"\" src=\"https:\/\/i0.wp.com\/radio3des.com\/wp-content\/uploads\/RADIO-3-DES-CITE-ACTUELmodiier-02.png?resize=1516%2C784\" width=\"1516\" height=\"784\"><\/h2>\n\n\n\n<p><em><strong>Radio 3 des 90.9 FM.<\/strong><\/em><em><strong>Web :<\/strong><\/em><\/p>\n\n\n\n<p><em><strong><a href=\"http:\/\/radio3des.com\/\">radio3des.com<\/a><\/strong><\/em><\/p>\n\n\n\n<h5 class=\"wp-block-heading\"><em>Bonjour<\/em><em>&nbsp;et Bienvenue<\/em><\/h5>\n\n\n\n<h5 class=\"wp-block-heading\"><em>sur<\/em><\/h5>\n\n\n\n<h5 class=\"wp-block-heading\"><em>Radio 3 Des 90.9 FM&nbsp;<\/em><\/h5>\n\n\n\n<h5 class=\"wp-block-heading\">&nbsp;<\/h5>\n\n\n\n<h5 class=\"wp-block-heading\"><img loading=\"lazy\" decoding=\"async\" src=\"https:\/\/i0.wp.com\/radio3des.com\/wp-content\/uploads\/2015\/09\/AN674.gif?resize=132%2C205\" alt=\"AN674\" width=\"132\" height=\"205\"><\/h5>\n\n\n<div class=\"wp-block-image\">\n<figure class=\"aligncenter\"><img decoding=\"async\" src=\"https:\/\/i0.wp.com\/www.radio3des.com\/wp-content\/uploads\/2015\/09\/AN1253.gif?resize=65%2C108&amp;ssl=1\" alt=\"\" class=\"wp-image-649\"\/><\/figure>\n<\/div>\n\n<div class=\"wp-block-image\">\n<figure class=\"aligncenter\"><img decoding=\"async\" src=\"https:\/\/i0.wp.com\/www.radio3des.com\/wp-content\/uploads\/2022\/12\/Marilyne.Ludo-et-Jules.-2023-01-01-173223.png?resize=570%2C433&amp;ssl=1\" alt=\"\" class=\"wp-image-9220\"\/><\/figure>\n<\/div>\n\n\n<p><strong>Bonjour Amis Danseurs,<\/strong><strong>Nous vous pr\u00e9sentons nos meilleurs v\u0153ux de bonheur et sant\u00e9 pour cette nouvelle ann\u00e9e 2025 remplie de joie, de musique et de danse !<\/strong><strong>A tr\u00e8s bient\u00f4t de se revoir sur la piste !&nbsp;<\/strong><strong>Amiti\u00e9s Musicales<\/strong><\/p>\n\n\n\n<p><strong>Bonjour Amis Danseurs,<\/strong><\/p>\n\n\n\n<p><strong>Nous vous invitons \u00e0 un&nbsp;repas dansant&nbsp;organis\u00e9 par l&rsquo;association des anciens combattants de Cormicy<\/strong><\/p>\n\n\n\n<p><strong>le&nbsp;<u>MARDI 11 NOVEMBRE 2025&nbsp;<\/u>&nbsp;(affiche et inscription ci-joint)<\/strong><\/p>\n\n\n\n<p><strong>salle omnisports de&nbsp;<u>CORMICY<\/u><\/strong><\/p>\n\n\n\n<p><strong>\u00e0 partir de&nbsp;12h30&nbsp;<\/strong><\/p>\n\n\n\n<p><strong><u>TARIF SANS REPAS<\/u>&nbsp;10 euros \u00e0 partir de 14h30<\/strong><\/p>\n\n\n\n<p><strong>A bient\u00f4t sur la piste !<\/strong><\/p>\n\n\n\n<p><strong>Amiti\u00e9s musicales<\/strong><\/p>\n\n\n\n<p><strong>LudoMarylineJules<\/strong><\/p>\n\n\n\n<p><strong>06.11.98.05.42<\/strong><\/p>\n\n\n<div class=\"wp-block-image\">\n<figure class=\"aligncenter\"><img decoding=\"async\" src=\"https:\/\/i0.wp.com\/www.radio3des.com\/wp-content\/uploads\/2015\/09\/AN1218.gif?resize=68%2C123&amp;ssl=1\" alt=\"\" class=\"wp-image-647\"\/><\/figure>\n<\/div>\n\n\n<h3 class=\"wp-block-heading\">Bonjour Amis Danseurs,<\/h3>\n\n\n\n<p>Amiti\u00e9s musicales<\/p>\n\n\n\n<p><strong>Ludo Maryline et Jules<\/strong><\/p>\n\n\n\n<h1 class=\"wp-block-heading\">++++++<\/h1>\n\n\n\n<figure class=\"wp-block-image\"><img decoding=\"async\" src=\"https:\/\/www.radio3des.com\/wp-content\/uploads\/2025\/03\/AXO-CHOEUR-528x732.jpg\" alt=\"\" class=\"wp-image-11929\"\/><\/figure>\n\n\n\n<h1 class=\"wp-block-heading\">++++++<\/h1>\n\n\n\n<h1 class=\"wp-block-heading\"><img decoding=\"async\" src=\"https:\/\/i0.wp.com\/www.orgue-guignicourt.fr\/wp-content\/uploads\/DSCN0318.jpg?resize=1100%2C400&amp;ssl=1\"><\/h1>\n\n\n\n<ul class=\"wp-block-list\">\n<li>Association<\/li>\n\n\n\n<li><strong><a href=\"https:\/\/www.orgue-guignicourt.fr\/\">https:\/\/www.orgue-guignicourt.fr\/<\/a><\/strong><\/li>\n\n\n\n<li>Les Amis de l&rsquo;orgue de Guignicourt<\/li>\n\n\n\n<li><img decoding=\"async\" src=\"https:\/\/i0.wp.com\/www.orgue-guignicourt.fr\/wp-content\/uploads\/2024DepliantSaisonCouvertureWeb.jpg?resize=300%2C426&amp;ssl=1\" alt=\"Couverture du programme de la saison 2024\"><\/li>\n<\/ul>\n\n\n\n<h1 class=\"wp-block-heading\">+++++++++++++<\/h1>\n\n\n\n<h1 class=\"wp-block-heading\"><img loading=\"lazy\" decoding=\"async\" src=\"https:\/\/i0.wp.com\/www.radio3des.com\/wp-content\/uploads\/2015\/09\/AN994.gif?resize=103%2C108&amp;ssl=1\" alt=\"\" width=\"103\" height=\"108\"><\/h1>\n\n\n\n<h5 class=\"wp-block-heading\">COMEDI&rsquo;AISNE<\/h5>\n\n\n\n<figure class=\"wp-block-image\"><img decoding=\"async\" src=\"https:\/\/i0.wp.com\/www.radio3des.com\/wp-content\/uploads\/2015\/09\/AN1079.gif?resize=72%2C97&amp;ssl=1\" alt=\"\" class=\"wp-image-638\"\/><\/figure>\n\n\n\n<h1 class=\"wp-block-heading\">++++++<\/h1>\n\n\n\n<h5 class=\"wp-block-heading\"><em><strong>c.radio3des@orange.fr<\/strong><\/em><\/h5>\n\n\n\n<h5 class=\"wp-block-heading\"><em><strong>SIREN : 810 368 720 0019<\/strong><\/em><\/h5>\n\n\n\n<h5 class=\"wp-block-heading\"><em><strong>14 rues de prouvais<\/strong><\/em><\/h5>\n\n\n\n<p><em><strong>02190 Proviseux et plesnoy<\/strong><\/em><\/p>\n\n\n\n<h1 class=\"wp-block-heading\">++++++<\/h1>\n\n\n<div class=\"wp-block-image\">\n<figure class=\"aligncenter\"><img decoding=\"async\" src=\"https:\/\/www.radio3des.com\/wp-content\/uploads\/2023\/09\/image001.png\" alt=\"\" class=\"wp-image-10321\"\/><\/figure>\n<\/div>\n\n<div class=\"wp-block-image\">\n<figure class=\"aligncenter\"><img decoding=\"async\" src=\"https:\/\/www.radio3des.com\/wp-content\/uploads\/2023\/09\/FRANF.png\" alt=\"\" class=\"wp-image-10318\"\/><\/figure>\n<\/div>\n\n\n<ul class=\"wp-block-list\">\n<li><strong><u>Le syndicat des radios associatives.<\/u><\/strong> <strong>SNRL &amp; CNRA. <u>La f\u00e9d\u00e9ration des radios associatives<\/u><u> du haut de France.<\/u><\/strong><strong><a href=\"https:\/\/r.search.yahoo.com\/_ylt=AwrkMOvvwI1khw0adx0k24lQ;_ylu=Y29sbwNpcjIEcG9zAzEEdnRpZAMEc2VjA3Ny\/RV=2\/RE=1687040367\/RO=10\/RU=http%3a%2f%2fwww.franf.fr%2f\/RK=2\/RS=iAZ0rWwd2wl1rRZxbAZecgjm1Q0-\" target=\"_blank\" rel=\"noreferrer noopener\">www.<strong>franf<\/strong>.fr<\/a><\/strong><strong><u><strong>Les institutionnels<\/strong><\/u> Le conseil R\u00e9gional du Haut de France ARCOM.<a href=\"http:\/\/www.arcom.fr\/\">www.arcom.fr<\/a> Le Minist\u00e8re de la Culture la commune de Villeneuve sur Aisne Commune de Prouvais Commune de Proviseux et Plesnoy communaut\u00e9 de communes de Champagne Picarde<\/strong><ul><li>++++++<\/li><\/ul><strong>les associations qui <\/strong><strong>aide<\/strong><strong> la radio en r\u00e9alisant des conventions avec Radio 3 Des<\/strong> <strong>Et en retour RADIO 3 DES, r\u00e9alise en priorit\u00e9. Les messages d&rsquo;int\u00e9r\u00eat g\u00e9n\u00e9ral&nbsp; pour leur manifestations.<\/strong><ul><li><strong>&nbsp; &nbsp; &nbsp; &nbsp; &nbsp; &nbsp; &nbsp; &nbsp; &nbsp; &nbsp; &nbsp; &nbsp; &nbsp; &nbsp; &nbsp; &nbsp; &nbsp; &nbsp; Chorale \u2013 AXO&rsquo; CHOEUR<\/strong><br>Les Amis de l&rsquo;orgue de Guignicourt<\/li><\/ul><strong>L&rsquo;association de th\u00e9\u00e2tres Com\u00e9die&rsquo;Aisne. L&rsquo;association le MIL de Menneville Commune de Villeneuve Sur Aisne Le comit\u00e9 des f\u00eates de Prouvais. Le club de loisirs de Prouvais L&rsquo;association. De sauvegarde du patrimoine de Guyancourt. L&rsquo;association. V\u00e9lo club Mogador 51110 Lavannes \u00b0 la commune de Villeneuve sur Aisne Commune de Prouvais Association SAUVEGARDE DU PATRIMOINE COMMUNAL DE GUYENCOURT Commune de Proviseux et Plesnoy<\/strong><\/li>\n<\/ul>\n\n\n\n<h4 class=\"wp-block-heading\">ECOUTE DE RADIO 3 DES<\/h4>\n\n\n\n<h4 class=\"wp-block-heading has-text-align-center\">Sur Internet \u2013www.radio3des.com&nbsp;<\/h4>\n\n\n\n<h4 class=\"wp-block-heading has-text-align-center\">Et &#8211; www.radio3des.fr<\/h4>\n","protected":false},"excerpt":{"rendered":"<p>RADIO ASSOCIATIVE LOCALE DEPARTEMENT AISNE \u2013 ARDENNE -MARNE-HAUT DE FRANCE -48- 2025 radio3des: 90.9 FM radio3des: 90.9 FM site: www.radio3des.com site: www.radio3des.fr XXXXXX site: www.radio3des.fr site: www.radio3des.com XXXXXXXXX DESTINATION &#8211; SANTE Cancer du pancr\u00e9as &#8211; bient\u00f4t le 2\u00e8me cancer le plus meurtrier 20 novembre 2025 En constante augmentation, le cancer du pancr\u00e9as est en passe [&hellip;]<\/p>\n","protected":false},"author":1,"featured_media":0,"comment_status":"open","ping_status":"open","sticky":false,"template":"","format":"standard","meta":{"footnotes":""},"categories":[1],"tags":[],"class_list":["post-1240","post","type-post","status-publish","format-standard","hentry","category-non-classe"],"_links":{"self":[{"href":"https:\/\/radio3des.fr\/index.php?rest_route=\/wp\/v2\/posts\/1240","targetHints":{"allow":["GET"]}}],"collection":[{"href":"https:\/\/radio3des.fr\/index.php?rest_route=\/wp\/v2\/posts"}],"about":[{"href":"https:\/\/radio3des.fr\/index.php?rest_route=\/wp\/v2\/types\/post"}],"author":[{"embeddable":true,"href":"https:\/\/radio3des.fr\/index.php?rest_route=\/wp\/v2\/users\/1"}],"replies":[{"embeddable":true,"href":"https:\/\/radio3des.fr\/index.php?rest_route=%2Fwp%2Fv2%2Fcomments&post=1240"}],"version-history":[{"count":4,"href":"https:\/\/radio3des.fr\/index.php?rest_route=\/wp\/v2\/posts\/1240\/revisions"}],"predecessor-version":[{"id":1245,"href":"https:\/\/radio3des.fr\/index.php?rest_route=\/wp\/v2\/posts\/1240\/revisions\/1245"}],"wp:attachment":[{"href":"https:\/\/radio3des.fr\/index.php?rest_route=%2Fwp%2Fv2%2Fmedia&parent=1240"}],"wp:term":[{"taxonomy":"category","embeddable":true,"href":"https:\/\/radio3des.fr\/index.php?rest_route=%2Fwp%2Fv2%2Fcategories&post=1240"},{"taxonomy":"post_tag","embeddable":true,"href":"https:\/\/radio3des.fr\/index.php?rest_route=%2Fwp%2Fv2%2Ftags&post=1240"}],"curies":[{"name":"wp","href":"https:\/\/api.w.org\/{rel}","templated":true}]}}